{"id":4419,"date":"2023-10-27T17:48:28","date_gmt":"2023-10-27T17:48:28","guid":{"rendered":"https:\/\/fnchildclaims.ca\/?p=4419"},"modified":"2025-02-11T16:59:00","modified_gmt":"2025-02-11T16:59:00","slug":"laccord-de-reglement-a-ete-approuve","status":"publish","type":"post","link":"https:\/\/fnchildclaims.ca\/fr\/laccord-de-reglement-a-ete-approuve\/","title":{"rendered":"L&rsquo;entente de r\u00e8glement a \u00e9t\u00e9 approuv\u00e9"},"content":{"rendered":"<div class=\"fusion-fullwidth fullwidth-box fusion-builder-row-1 fusion-flex-container nonhundred-percent-fullwidth non-hundred-percent-height-scrolling\" style=\"--awb-background-position:left top;--awb-border-sizes-top:0px;--awb-border-sizes-bottom:0px;--awb-border-sizes-left:0px;--awb-border-sizes-right:0px;--awb-border-radius-top-left:0px;--awb-border-radius-top-right:0px;--awb-border-radius-bottom-right:0px;--awb-border-radius-bottom-left:0px;--awb-padding-bottom:20px;--awb-margin-top:20px;--awb-margin-top-medium:0px;--awb-margin-top-small:0px;\" ><div class=\"fusion-builder-row fusion-row fusion-flex-align-items-flex-start\" style=\"max-width:1216.8px;margin-left: calc(-4% \/ 2 );margin-right: calc(-4% \/ 2 );\"><div class=\"fusion-layout-column fusion_builder_column fusion-builder-column-0 fusion_builder_column_1_1 1_1 fusion-flex-column\" style=\"--awb-padding-right:10%;--awb-padding-left:10%;--awb-padding-right-medium:60px;--awb-padding-left-medium:60px;--awb-padding-right-small:20px;--awb-padding-left-small:20px;--awb-bg-blend:overlay;--awb-bg-size:cover;--awb-width-large:100%;--awb-margin-top-large:0px;--awb-spacing-right-large:1.92%;--awb-margin-bottom-large:0px;--awb-spacing-left-large:1.92%;--awb-width-medium:100%;--awb-spacing-right-medium:1.92%;--awb-spacing-left-medium:1.92%;--awb-width-small:100%;--awb-spacing-right-small:1.92%;--awb-spacing-left-small:1.92%;\"><div class=\"fusion-column-wrapper fusion-flex-justify-content-flex-start fusion-content-layout-column\"><div class=\"fusion-title title fusion-title-1 fusion-sep-none fusion-title-center fusion-title-text fusion-title-size-two\"><h2 class=\"title-heading-center fusion-responsive-typography-calculated\" style=\"margin:0;text-transform:none;--fontSize:50;line-height:1.4;\">L&rsquo;entente de r\u00e8glement a \u00e9t\u00e9 approuv\u00e9<\/h2><\/div><div class=\"fusion-separator fusion-full-width-sep\" style=\"align-self: center;margin-left: auto;margin-right: auto;margin-top:20px;width:100%;\"><\/div><div class=\"fusion-text fusion-text-1\"><p><strong>27 octobre 2023<\/strong><\/p>\n<\/div><div class=\"fusion-text fusion-text-2\"><p>L&rsquo;audience de r\u00e8glement a pris fin.<\/p>\n<p>Le 24 octobre 2023, la juge Aylen de la Cour f\u00e9d\u00e9rale a approuv\u00e9 l&rsquo;entente de r\u00e8glement. Nous attendons \u00e0 pr\u00e9sent les documents officiels de la Cour f\u00e9d\u00e9rale. De plus amples informations seront bient\u00f4t disponibles.<\/p>\n<\/div><div class=\"fusion-separator fusion-full-width-sep\" style=\"align-self: center;margin-left: auto;margin-right: auto;margin-top:30px;width:100%;\"><\/div><div class=\"fusion-social-links fusion-social-links-1\" style=\"--awb-margin-top:0px;--awb-margin-right:0px;--awb-margin-bottom:0px;--awb-margin-left:0px;--awb-box-border-top:0px;--awb-box-border-right:0px;--awb-box-border-bottom:0px;--awb-box-border-left:0px;--awb-icon-colors-hover:hsla(var(--awb-color6-h),var(--awb-color6-s),var(--awb-color6-l),calc(var(--awb-color6-a) - 15%));--awb-box-colors-hover:hsla(var(--awb-color2-h),var(--awb-color2-s),var(--awb-color2-l),calc(var(--awb-color2-a) - 12%));--awb-box-border-color:var(--awb-color3);--awb-box-border-color-hover:var(--awb-color4);\"><div class=\"fusion-social-networks color-type-custom\"><div class=\"fusion-social-networks-wrapper\"><\/div><\/div><\/div><\/div><\/div><\/div><\/div>\n","protected":false},"excerpt":{"rendered":"<p>L&rsquo;audience d&rsquo;approbation du r\u00e8glement aura lieu la semaine du 23 octobre 2023. Les membres du groupe qui souhaitent participer \u00e0 la proc\u00e9dure d&rsquo;approbation du r\u00e8glement n&rsquo;ont pas besoin de se pr\u00e9senter en personne. <\/p>\n","protected":false},"author":8,"featured_media":2577,"comment_status":"closed","ping_status":"open","sticky":false,"template":"","format":"standard","meta":{"_acf_changed":false,"inline_featured_image":false,"footnotes":"","_links_to":"","_links_to_target":""},"categories":[80],"tags":[],"class_list":["post-4419","post","type-post","status-publish","format-standard","has-post-thumbnail","hentry","category-mise-a-jour"],"acf":[],"yoast_head":"<!-- This site is optimized with the Yoast SEO plugin v27.2 - https:\/\/yoast.com\/product\/yoast-seo-wordpress\/ -->\n<title>L&#039;entente de r\u00e8glement a \u00e9t\u00e9 approuv\u00e9 - First Nations Child and Family Services and Jordan\u2019s Principle Settlement<\/title>\n<meta name=\"description\" content=\"L&#039;audience de r\u00e8glement a pris fin.Le 24 octobre 2023, la juge Aylen de la Cour f\u00e9d\u00e9rale a approuv\u00e9 l&#039;Accord de R\u00e8glement. Nous attendons \u00e0 pr\u00e9sent les documents officiels de la Cour f\u00e9d\u00e9rale. De plus amples informations seront bient\u00f4t disponibles.\" \/>\n<meta name=\"robots\" content=\"index, follow, max-snippet:-1, max-image-preview:large, max-video-preview:-1\" \/>\n<link rel=\"canonical\" href=\"https:\/\/fnchildclaims.ca\/fr\/laccord-de-reglement-a-ete-approuve\/\" \/>\n<meta property=\"og:locale\" content=\"fr_FR\" \/>\n<meta property=\"og:type\" content=\"article\" \/>\n<meta property=\"og:title\" content=\"L&#039;entente de r\u00e8glement a \u00e9t\u00e9 approuv\u00e9 - First Nations Child and Family Services and Jordan\u2019s Principle Settlement\" \/>\n<meta property=\"og:description\" content=\"L&#039;audience de r\u00e8glement a pris fin.Le 24 octobre 2023, la juge Aylen de la Cour f\u00e9d\u00e9rale a approuv\u00e9 l&#039;Accord de R\u00e8glement. Nous attendons \u00e0 pr\u00e9sent les documents officiels de la Cour f\u00e9d\u00e9rale. De plus amples informations seront bient\u00f4t disponibles.\" \/>\n<meta property=\"og:url\" content=\"https:\/\/fnchildclaims.ca\/fr\/laccord-de-reglement-a-ete-approuve\/\" \/>\n<meta property=\"og:site_name\" content=\"First Nations Child and Family Services and Jordan\u2019s Principle Settlement\" \/>\n<meta property=\"article:published_time\" content=\"2023-10-27T17:48:28+00:00\" \/>\n<meta property=\"article:modified_time\" content=\"2025-02-11T16:59:00+00:00\" \/>\n<meta property=\"og:image\" content=\"https:\/\/fnchildclaims.ca\/wp-content\/uploads\/2023\/01\/pexels-james-wheeler-1574181-scaled.jpg\" \/>\n\t<meta property=\"og:image:width\" content=\"2560\" \/>\n\t<meta property=\"og:image:height\" content=\"1476\" \/>\n\t<meta property=\"og:image:type\" content=\"image\/jpeg\" \/>\n<meta name=\"author\" content=\"PhilC\" \/>\n<meta name=\"twitter:card\" content=\"summary_large_image\" \/>\n<meta name=\"twitter:label1\" content=\"\u00c9crit par\" \/>\n\t<meta name=\"twitter:data1\" content=\"PhilC\" \/>\n\t<meta name=\"twitter:label2\" content=\"Dur\u00e9e de lecture estim\u00e9e\" \/>\n\t<meta name=\"twitter:data2\" content=\"2 minutes\" \/>\n<script type=\"application\/ld+json\" class=\"yoast-schema-graph\">{\"@context\":\"https:\/\/schema.org\",\"@graph\":[{\"@type\":\"Article\",\"@id\":\"https:\/\/fnchildclaims.ca\/fr\/laccord-de-reglement-a-ete-approuve\/#article\",\"isPartOf\":{\"@id\":\"https:\/\/fnchildclaims.ca\/fr\/laccord-de-reglement-a-ete-approuve\/\"},\"author\":{\"name\":\"PhilC\",\"@id\":\"https:\/\/fnchildclaims.ca\/#\/schema\/person\/6ccfb183d9ff326eed76c3975109e326\"},\"headline\":\"L&rsquo;entente de r\u00e8glement a \u00e9t\u00e9 approuv\u00e9\",\"datePublished\":\"2023-10-27T17:48:28+00:00\",\"dateModified\":\"2025-02-11T16:59:00+00:00\",\"mainEntityOfPage\":{\"@id\":\"https:\/\/fnchildclaims.ca\/fr\/laccord-de-reglement-a-ete-approuve\/\"},\"wordCount\":455,\"image\":{\"@id\":\"https:\/\/fnchildclaims.ca\/fr\/laccord-de-reglement-a-ete-approuve\/#primaryimage\"},\"thumbnailUrl\":\"https:\/\/fnchildclaims.ca\/wp-content\/uploads\/2023\/01\/pexels-james-wheeler-1574181-scaled.jpg\",\"articleSection\":[\"Mise \u00e0 jour\"],\"inLanguage\":\"fr-FR\"},{\"@type\":\"WebPage\",\"@id\":\"https:\/\/fnchildclaims.ca\/fr\/laccord-de-reglement-a-ete-approuve\/\",\"url\":\"https:\/\/fnchildclaims.ca\/fr\/laccord-de-reglement-a-ete-approuve\/\",\"name\":\"L'entente de r\u00e8glement a \u00e9t\u00e9 approuv\u00e9 - First Nations Child and Family Services and Jordan\u2019s Principle Settlement\",\"isPartOf\":{\"@id\":\"https:\/\/fnchildclaims.ca\/#website\"},\"primaryImageOfPage\":{\"@id\":\"https:\/\/fnchildclaims.ca\/fr\/laccord-de-reglement-a-ete-approuve\/#primaryimage\"},\"image\":{\"@id\":\"https:\/\/fnchildclaims.ca\/fr\/laccord-de-reglement-a-ete-approuve\/#primaryimage\"},\"thumbnailUrl\":\"https:\/\/fnchildclaims.ca\/wp-content\/uploads\/2023\/01\/pexels-james-wheeler-1574181-scaled.jpg\",\"datePublished\":\"2023-10-27T17:48:28+00:00\",\"dateModified\":\"2025-02-11T16:59:00+00:00\",\"author\":{\"@id\":\"https:\/\/fnchildclaims.ca\/#\/schema\/person\/6ccfb183d9ff326eed76c3975109e326\"},\"description\":\"L'audience de r\u00e8glement a pris fin.Le 24 octobre 2023, la juge Aylen de la Cour f\u00e9d\u00e9rale a approuv\u00e9 l'Accord de R\u00e8glement. Nous attendons \u00e0 pr\u00e9sent les documents officiels de la Cour f\u00e9d\u00e9rale. De plus amples informations seront bient\u00f4t disponibles.\",\"breadcrumb\":{\"@id\":\"https:\/\/fnchildclaims.ca\/fr\/laccord-de-reglement-a-ete-approuve\/#breadcrumb\"},\"inLanguage\":\"fr-FR\",\"potentialAction\":[{\"@type\":\"ReadAction\",\"target\":[\"https:\/\/fnchildclaims.ca\/fr\/laccord-de-reglement-a-ete-approuve\/\"]}]},{\"@type\":\"ImageObject\",\"inLanguage\":\"fr-FR\",\"@id\":\"https:\/\/fnchildclaims.ca\/fr\/laccord-de-reglement-a-ete-approuve\/#primaryimage\",\"url\":\"https:\/\/fnchildclaims.ca\/wp-content\/uploads\/2023\/01\/pexels-james-wheeler-1574181-scaled.jpg\",\"contentUrl\":\"https:\/\/fnchildclaims.ca\/wp-content\/uploads\/2023\/01\/pexels-james-wheeler-1574181-scaled.jpg\",\"width\":2560,\"height\":1476,\"caption\":\"canadian landscape: lake and mountains\"},{\"@type\":\"BreadcrumbList\",\"@id\":\"https:\/\/fnchildclaims.ca\/fr\/laccord-de-reglement-a-ete-approuve\/#breadcrumb\",\"itemListElement\":[{\"@type\":\"ListItem\",\"position\":1,\"name\":\"Accueil\",\"item\":\"https:\/\/fnchildclaims.ca\/fr\/\"},{\"@type\":\"ListItem\",\"position\":2,\"name\":\"L&#8217;entente de r\u00e8glement a \u00e9t\u00e9 approuv\u00e9\"}]},{\"@type\":\"WebSite\",\"@id\":\"https:\/\/fnchildclaims.ca\/#website\",\"url\":\"https:\/\/fnchildclaims.ca\/\",\"name\":\"First Nations Child and Family Services and Jordan\u2019s Principle Settlement\",\"description\":\"\",\"potentialAction\":[{\"@type\":\"SearchAction\",\"target\":{\"@type\":\"EntryPoint\",\"urlTemplate\":\"https:\/\/fnchildclaims.ca\/?s={search_term_string}\"},\"query-input\":{\"@type\":\"PropertyValueSpecification\",\"valueRequired\":true,\"valueName\":\"search_term_string\"}}],\"inLanguage\":\"fr-FR\"},{\"@type\":\"Person\",\"@id\":\"https:\/\/fnchildclaims.ca\/#\/schema\/person\/6ccfb183d9ff326eed76c3975109e326\",\"name\":\"PhilC\",\"image\":{\"@type\":\"ImageObject\",\"inLanguage\":\"fr-FR\",\"@id\":\"https:\/\/fnchildclaims.ca\/wp-content\/litespeed\/avatar\/1ef848c39a95ac1a48bf225f578f1504.jpg?ver=1777061824\",\"url\":\"https:\/\/fnchildclaims.ca\/wp-content\/litespeed\/avatar\/1ef848c39a95ac1a48bf225f578f1504.jpg?ver=1777061824\",\"contentUrl\":\"https:\/\/fnchildclaims.ca\/wp-content\/litespeed\/avatar\/1ef848c39a95ac1a48bf225f578f1504.jpg?ver=1777061824\",\"caption\":\"PhilC\"},\"url\":\"https:\/\/fnchildclaims.ca\/fr\/author\/philc\/\"}]}<\/script>\n<!-- \/ Yoast SEO plugin. -->","yoast_head_json":{"title":"L'entente de r\u00e8glement a \u00e9t\u00e9 approuv\u00e9 - First Nations Child and Family Services and Jordan\u2019s Principle Settlement","description":"L'audience de r\u00e8glement a pris fin.Le 24 octobre 2023, la juge Aylen de la Cour f\u00e9d\u00e9rale a approuv\u00e9 l'Accord de R\u00e8glement. Nous attendons \u00e0 pr\u00e9sent les documents officiels de la Cour f\u00e9d\u00e9rale. De plus amples informations seront bient\u00f4t disponibles.","robots":{"index":"index","follow":"follow","max-snippet":"max-snippet:-1","max-image-preview":"max-image-preview:large","max-video-preview":"max-video-preview:-1"},"canonical":"https:\/\/fnchildclaims.ca\/fr\/laccord-de-reglement-a-ete-approuve\/","og_locale":"fr_FR","og_type":"article","og_title":"L'entente de r\u00e8glement a \u00e9t\u00e9 approuv\u00e9 - First Nations Child and Family Services and Jordan\u2019s Principle Settlement","og_description":"L'audience de r\u00e8glement a pris fin.Le 24 octobre 2023, la juge Aylen de la Cour f\u00e9d\u00e9rale a approuv\u00e9 l'Accord de R\u00e8glement. Nous attendons \u00e0 pr\u00e9sent les documents officiels de la Cour f\u00e9d\u00e9rale. De plus amples informations seront bient\u00f4t disponibles.","og_url":"https:\/\/fnchildclaims.ca\/fr\/laccord-de-reglement-a-ete-approuve\/","og_site_name":"First Nations Child and Family Services and Jordan\u2019s Principle Settlement","article_published_time":"2023-10-27T17:48:28+00:00","article_modified_time":"2025-02-11T16:59:00+00:00","og_image":[{"width":2560,"height":1476,"url":"https:\/\/fnchildclaims.ca\/wp-content\/uploads\/2023\/01\/pexels-james-wheeler-1574181-scaled.jpg","type":"image\/jpeg"}],"author":"PhilC","twitter_card":"summary_large_image","twitter_misc":{"\u00c9crit par":"PhilC","Dur\u00e9e de lecture estim\u00e9e":"2 minutes"},"schema":{"@context":"https:\/\/schema.org","@graph":[{"@type":"Article","@id":"https:\/\/fnchildclaims.ca\/fr\/laccord-de-reglement-a-ete-approuve\/#article","isPartOf":{"@id":"https:\/\/fnchildclaims.ca\/fr\/laccord-de-reglement-a-ete-approuve\/"},"author":{"name":"PhilC","@id":"https:\/\/fnchildclaims.ca\/#\/schema\/person\/6ccfb183d9ff326eed76c3975109e326"},"headline":"L&rsquo;entente de r\u00e8glement a \u00e9t\u00e9 approuv\u00e9","datePublished":"2023-10-27T17:48:28+00:00","dateModified":"2025-02-11T16:59:00+00:00","mainEntityOfPage":{"@id":"https:\/\/fnchildclaims.ca\/fr\/laccord-de-reglement-a-ete-approuve\/"},"wordCount":455,"image":{"@id":"https:\/\/fnchildclaims.ca\/fr\/laccord-de-reglement-a-ete-approuve\/#primaryimage"},"thumbnailUrl":"https:\/\/fnchildclaims.ca\/wp-content\/uploads\/2023\/01\/pexels-james-wheeler-1574181-scaled.jpg","articleSection":["Mise \u00e0 jour"],"inLanguage":"fr-FR"},{"@type":"WebPage","@id":"https:\/\/fnchildclaims.ca\/fr\/laccord-de-reglement-a-ete-approuve\/","url":"https:\/\/fnchildclaims.ca\/fr\/laccord-de-reglement-a-ete-approuve\/","name":"L'entente de r\u00e8glement a \u00e9t\u00e9 approuv\u00e9 - First Nations Child and Family Services and Jordan\u2019s Principle Settlement","isPartOf":{"@id":"https:\/\/fnchildclaims.ca\/#website"},"primaryImageOfPage":{"@id":"https:\/\/fnchildclaims.ca\/fr\/laccord-de-reglement-a-ete-approuve\/#primaryimage"},"image":{"@id":"https:\/\/fnchildclaims.ca\/fr\/laccord-de-reglement-a-ete-approuve\/#primaryimage"},"thumbnailUrl":"https:\/\/fnchildclaims.ca\/wp-content\/uploads\/2023\/01\/pexels-james-wheeler-1574181-scaled.jpg","datePublished":"2023-10-27T17:48:28+00:00","dateModified":"2025-02-11T16:59:00+00:00","author":{"@id":"https:\/\/fnchildclaims.ca\/#\/schema\/person\/6ccfb183d9ff326eed76c3975109e326"},"description":"L'audience de r\u00e8glement a pris fin.Le 24 octobre 2023, la juge Aylen de la Cour f\u00e9d\u00e9rale a approuv\u00e9 l'Accord de R\u00e8glement. Nous attendons \u00e0 pr\u00e9sent les documents officiels de la Cour f\u00e9d\u00e9rale. De plus amples informations seront bient\u00f4t disponibles.","breadcrumb":{"@id":"https:\/\/fnchildclaims.ca\/fr\/laccord-de-reglement-a-ete-approuve\/#breadcrumb"},"inLanguage":"fr-FR","potentialAction":[{"@type":"ReadAction","target":["https:\/\/fnchildclaims.ca\/fr\/laccord-de-reglement-a-ete-approuve\/"]}]},{"@type":"ImageObject","inLanguage":"fr-FR","@id":"https:\/\/fnchildclaims.ca\/fr\/laccord-de-reglement-a-ete-approuve\/#primaryimage","url":"https:\/\/fnchildclaims.ca\/wp-content\/uploads\/2023\/01\/pexels-james-wheeler-1574181-scaled.jpg","contentUrl":"https:\/\/fnchildclaims.ca\/wp-content\/uploads\/2023\/01\/pexels-james-wheeler-1574181-scaled.jpg","width":2560,"height":1476,"caption":"canadian landscape: lake and mountains"},{"@type":"BreadcrumbList","@id":"https:\/\/fnchildclaims.ca\/fr\/laccord-de-reglement-a-ete-approuve\/#breadcrumb","itemListElement":[{"@type":"ListItem","position":1,"name":"Accueil","item":"https:\/\/fnchildclaims.ca\/fr\/"},{"@type":"ListItem","position":2,"name":"L&#8217;entente de r\u00e8glement a \u00e9t\u00e9 approuv\u00e9"}]},{"@type":"WebSite","@id":"https:\/\/fnchildclaims.ca\/#website","url":"https:\/\/fnchildclaims.ca\/","name":"First Nations Child and Family Services and Jordan\u2019s Principle Settlement","description":"","potentialAction":[{"@type":"SearchAction","target":{"@type":"EntryPoint","urlTemplate":"https:\/\/fnchildclaims.ca\/?s={search_term_string}"},"query-input":{"@type":"PropertyValueSpecification","valueRequired":true,"valueName":"search_term_string"}}],"inLanguage":"fr-FR"},{"@type":"Person","@id":"https:\/\/fnchildclaims.ca\/#\/schema\/person\/6ccfb183d9ff326eed76c3975109e326","name":"PhilC","image":{"@type":"ImageObject","inLanguage":"fr-FR","@id":"https:\/\/fnchildclaims.ca\/wp-content\/litespeed\/avatar\/1ef848c39a95ac1a48bf225f578f1504.jpg?ver=1777061824","url":"https:\/\/fnchildclaims.ca\/wp-content\/litespeed\/avatar\/1ef848c39a95ac1a48bf225f578f1504.jpg?ver=1777061824","contentUrl":"https:\/\/fnchildclaims.ca\/wp-content\/litespeed\/avatar\/1ef848c39a95ac1a48bf225f578f1504.jpg?ver=1777061824","caption":"PhilC"},"url":"https:\/\/fnchildclaims.ca\/fr\/author\/philc\/"}]}},"_links":{"self":[{"href":"https:\/\/fnchildclaims.ca\/fr\/wp-json\/wp\/v2\/posts\/4419","targetHints":{"allow":["GET"]}}],"collection":[{"href":"https:\/\/fnchildclaims.ca\/fr\/wp-json\/wp\/v2\/posts"}],"about":[{"href":"https:\/\/fnchildclaims.ca\/fr\/wp-json\/wp\/v2\/types\/post"}],"author":[{"embeddable":true,"href":"https:\/\/fnchildclaims.ca\/fr\/wp-json\/wp\/v2\/users\/8"}],"replies":[{"embeddable":true,"href":"https:\/\/fnchildclaims.ca\/fr\/wp-json\/wp\/v2\/comments?post=4419"}],"version-history":[{"count":1,"href":"https:\/\/fnchildclaims.ca\/fr\/wp-json\/wp\/v2\/posts\/4419\/revisions"}],"predecessor-version":[{"id":15113,"href":"https:\/\/fnchildclaims.ca\/fr\/wp-json\/wp\/v2\/posts\/4419\/revisions\/15113"}],"wp:featuredmedia":[{"embeddable":true,"href":"https:\/\/fnchildclaims.ca\/fr\/wp-json\/wp\/v2\/media\/2577"}],"wp:attachment":[{"href":"https:\/\/fnchildclaims.ca\/fr\/wp-json\/wp\/v2\/media?parent=4419"}],"wp:term":[{"taxonomy":"category","embeddable":true,"href":"https:\/\/fnchildclaims.ca\/fr\/wp-json\/wp\/v2\/categories?post=4419"},{"taxonomy":"post_tag","embeddable":true,"href":"https:\/\/fnchildclaims.ca\/fr\/wp-json\/wp\/v2\/tags?post=4419"}],"curies":[{"name":"wp","href":"https:\/\/api.w.org\/{rel}","templated":true}]}}