{"id":3820,"date":"2023-07-26T08:00:16","date_gmt":"2023-07-26T08:00:16","guid":{"rendered":"https:\/\/fnchildclaims.ca\/le-tribunal-canadien-des-droits-de-la-personne-tcdp-a-approuve-lentente-de-reglement-revisee\/"},"modified":"2025-01-29T01:46:42","modified_gmt":"2025-01-29T01:46:42","slug":"le-tribunal-canadien-des-droits-de-la-personne-tcdp-a-approuve-lentente-de-reglement-revisee","status":"publish","type":"post","link":"https:\/\/fnchildclaims.ca\/fr\/le-tribunal-canadien-des-droits-de-la-personne-tcdp-a-approuve-lentente-de-reglement-revisee\/","title":{"rendered":"Le Tribunal canadien des droits de la personne (TCDP) a approuv\u00e9 l&rsquo;entente de r\u00e8glement r\u00e9vis\u00e9e."},"content":{"rendered":"<div class=\"fusion-fullwidth fullwidth-box fusion-builder-row-1 fusion-flex-container nonhundred-percent-fullwidth non-hundred-percent-height-scrolling\" style=\"--awb-background-position:left top;--awb-border-sizes-top:0px;--awb-border-sizes-bottom:0px;--awb-border-sizes-left:0px;--awb-border-sizes-right:0px;--awb-border-radius-top-left:0px;--awb-border-radius-top-right:0px;--awb-border-radius-bottom-right:0px;--awb-border-radius-bottom-left:0px;--awb-padding-bottom:20px;--awb-margin-top:20px;--awb-margin-top-medium:0px;--awb-margin-top-small:0px;\" ><div class=\"fusion-builder-row fusion-row fusion-flex-align-items-flex-start\" style=\"max-width:1216.8px;margin-left: calc(-4% \/ 2 );margin-right: calc(-4% \/ 2 );\"><div class=\"fusion-layout-column fusion_builder_column fusion-builder-column-0 fusion_builder_column_1_1 1_1 fusion-flex-column\" style=\"--awb-padding-right:10%;--awb-padding-left:10%;--awb-padding-right-medium:60px;--awb-padding-left-medium:60px;--awb-padding-right-small:20px;--awb-padding-left-small:20px;--awb-bg-blend:overlay;--awb-bg-size:cover;--awb-width-large:100%;--awb-margin-top-large:0px;--awb-spacing-right-large:1.92%;--awb-margin-bottom-large:0px;--awb-spacing-left-large:1.92%;--awb-width-medium:100%;--awb-spacing-right-medium:1.92%;--awb-spacing-left-medium:1.92%;--awb-width-small:100%;--awb-spacing-right-small:1.92%;--awb-spacing-left-small:1.92%;\"><div class=\"fusion-column-wrapper fusion-flex-justify-content-flex-start fusion-content-layout-column\"><div class=\"fusion-title title fusion-title-1 fusion-sep-none fusion-title-center fusion-title-text fusion-title-size-two\"><h2 class=\"title-heading-center fusion-responsive-typography-calculated\" style=\"margin:0;text-transform:none;--fontSize:50;line-height:1.4;\">Le Tribunal canadien des droits de la personne (TCDP) a approuv\u00e9 l&rsquo;entente de r\u00e8glement r\u00e9vis\u00e9e.<\/h2><\/div><div class=\"fusion-separator fusion-full-width-sep\" style=\"align-self: center;margin-left: auto;margin-right: auto;margin-top:20px;width:100%;\"><\/div><div class=\"fusion-builder-row fusion-builder-row-inner fusion-row fusion-flex-align-items-flex-start\" style=\"width:104% !important;max-width:104% !important;margin-left: calc(-4% \/ 2 );margin-right: calc(-4% \/ 2 );\"><div class=\"fusion-layout-column fusion_builder_column_inner fusion-builder-nested-column-0 fusion_builder_column_inner_1_2 1_2 fusion-flex-column\" style=\"--awb-bg-size:cover;--awb-width-large:50%;--awb-margin-top-large:0px;--awb-spacing-right-large:3.84%;--awb-margin-bottom-large:0px;--awb-spacing-left-large:3.84%;--awb-width-medium:50%;--awb-order-medium:0;--awb-spacing-right-medium:3.84%;--awb-spacing-left-medium:3.84%;--awb-width-small:100%;--awb-order-small:0;--awb-spacing-right-small:1.92%;--awb-spacing-left-small:1.92%;\"><div class=\"fusion-column-wrapper fusion-column-has-shadow fusion-flex-justify-content-flex-start fusion-content-layout-column\"><\/div><\/div><div class=\"fusion-layout-column fusion_builder_column_inner fusion-builder-nested-column-1 fusion_builder_column_inner_1_2 1_2 fusion-flex-column\" style=\"--awb-bg-size:cover;--awb-width-large:50%;--awb-margin-top-large:0px;--awb-spacing-right-large:3.84%;--awb-margin-bottom-large:0px;--awb-spacing-left-large:3.84%;--awb-width-medium:50%;--awb-order-medium:0;--awb-spacing-right-medium:3.84%;--awb-spacing-left-medium:3.84%;--awb-width-small:100%;--awb-order-small:0;--awb-spacing-right-small:1.92%;--awb-spacing-left-small:1.92%;\"><div class=\"fusion-column-wrapper fusion-column-has-shadow fusion-flex-justify-content-flex-start fusion-content-layout-column\"><\/div><\/div><\/div><div class=\"fusion-separator fusion-full-width-sep\" style=\"align-self: center;margin-left: auto;margin-right: auto;margin-top:50px;width:100%;\"><\/div><div class=\"fusion-text fusion-text-1\"><p><strong>26 juillet 2023<\/strong><\/p>\n<\/div><div class=\"fusion-text fusion-text-2\"><p>Le 26 juillet 2023, le Tribunal canadien des droits de la personne (TCDP) a approuv\u00e9 l&rsquo;entente de r\u00e8glement r\u00e9vis\u00e9e. L&rsquo;audience d&rsquo;approbation du r\u00e8glement de la Cour f\u00e9d\u00e9rale a lieu pendant la semaine du 23 octobre 2023. Veuillez noter que l&rsquo;entente de r\u00e8glement n&rsquo;a pas \u00e9t\u00e9 approuv\u00e9e par la Cour. Le processus de r\u00e9clamation n&rsquo;est pas ouvert et le processus de candidature ainsi que le formulaire de r\u00e9clamation ne sont actuellement pas disponibles.<\/p>\n<\/div><div class=\"fusion-image-element \" style=\"--awb-liftup-border-radius:0px;--awb-caption-title-font-family:var(--h2_typography-font-family);--awb-caption-title-font-weight:var(--h2_typography-font-weight);--awb-caption-title-font-style:var(--h2_typography-font-style);--awb-caption-title-size:var(--h2_typography-font-size);--awb-caption-title-transform:var(--h2_typography-text-transform);--awb-caption-title-line-height:var(--h2_typography-line-height);--awb-caption-title-letter-spacing:var(--h2_typography-letter-spacing);\"><div class=\"awb-image-frame awb-image-frame-1 imageframe-liftup\" style=\"max-width:250px;\"><span class=\" fusion-imageframe imageframe-none imageframe-1\" style=\"border:2px solid var(--awb-color7);\" class=\"image-scroll\"><a class=\"fusion-no-lightbox\" href=\"https:\/\/fnchildclaims.ca\/wp-content\/uploads\/2023\/08\/CHRT-Letter-Decision.pdf\" target=\"_self\" aria-label=\"CHRT Letter Decision\"><img decoding=\"async\" width=\"1088\" height=\"1408\" src=\"https:\/\/fnchildclaims.ca\/wp-content\/uploads\/2023\/08\/CHRT-Letter-Decision-pdf.jpg\" alt class=\"img-responsive wp-image-3930\"\/><\/a><\/span><\/div><\/div><div class=\"fusion-separator fusion-full-width-sep\" style=\"align-self: center;margin-left: auto;margin-right: auto;margin-top:30px;width:100%;\"><\/div><div class=\"fusion-social-links fusion-social-links-1\" style=\"--awb-margin-top:0px;--awb-margin-right:0px;--awb-margin-bottom:0px;--awb-margin-left:0px;--awb-box-border-top:0px;--awb-box-border-right:0px;--awb-box-border-bottom:0px;--awb-box-border-left:0px;--awb-icon-colors-hover:hsla(var(--awb-color6-h),var(--awb-color6-s),var(--awb-color6-l),calc(var(--awb-color6-a) - 15%));--awb-box-colors-hover:hsla(var(--awb-color2-h),var(--awb-color2-s),var(--awb-color2-l),calc(var(--awb-color2-a) - 12%));--awb-box-border-color:var(--awb-color3);--awb-box-border-color-hover:var(--awb-color4);\"><div class=\"fusion-social-networks color-type-custom\"><div class=\"fusion-social-networks-wrapper\"><\/div><\/div><\/div><\/div><\/div><\/div><\/div>\n","protected":false},"excerpt":{"rendered":"<p>Le Tribunal canadien des droits de la personne (TCDP) a approuv\u00e9 l&rsquo;entente de r\u00e8glement r\u00e9vis\u00e9e. L&rsquo;audience d&rsquo;approbation du r\u00e8glement est pr\u00e9vue \u00e0 Ottawa le 23 octobre 2023.<\/p>\n","protected":false},"author":4,"featured_media":2059,"comment_status":"closed","ping_status":"open","sticky":false,"template":"","format":"standard","meta":{"_acf_changed":false,"inline_featured_image":false,"footnotes":"","_links_to":"","_links_to_target":""},"categories":[80],"tags":[],"class_list":["post-3820","post","type-post","status-publish","format-standard","has-post-thumbnail","hentry","category-mise-a-jour"],"acf":[],"yoast_head":"<!-- This site is optimized with the Yoast SEO plugin v27.2 - https:\/\/yoast.com\/product\/yoast-seo-wordpress\/ -->\n<title>Le Tribunal canadien des droits de la personne (TCDP) a approuv\u00e9 l&#039;entente de r\u00e8glement r\u00e9vis\u00e9e. - First Nations Child and Family Services and Jordan\u2019s Principle Settlement<\/title>\n<meta name=\"description\" content=\"Le Tribunal canadien des droits de la personne (TCDP) a approuv\u00e9 l&#039;entente de r\u00e8glement r\u00e9vis\u00e9e. L&#039;audience d&#039;approbation du r\u00e8glement est pr\u00e9vue \u00e0 Ottawa le 23 octobre 2023.\" \/>\n<meta name=\"robots\" content=\"index, follow, max-snippet:-1, max-image-preview:large, max-video-preview:-1\" \/>\n<link rel=\"canonical\" href=\"https:\/\/fnchildclaims.ca\/fr\/le-tribunal-canadien-des-droits-de-la-personne-tcdp-a-approuve-lentente-de-reglement-revisee\/\" \/>\n<meta property=\"og:locale\" content=\"fr_FR\" \/>\n<meta property=\"og:type\" content=\"article\" \/>\n<meta property=\"og:title\" content=\"Le Tribunal canadien des droits de la personne (TCDP) a approuv\u00e9 l&#039;entente de r\u00e8glement r\u00e9vis\u00e9e. - First Nations Child and Family Services and Jordan\u2019s Principle Settlement\" \/>\n<meta property=\"og:description\" content=\"Le Tribunal canadien des droits de la personne (TCDP) a approuv\u00e9 l&#039;entente de r\u00e8glement r\u00e9vis\u00e9e. L&#039;audience d&#039;approbation du r\u00e8glement est pr\u00e9vue \u00e0 Ottawa le 23 octobre 2023.\" \/>\n<meta property=\"og:url\" content=\"https:\/\/fnchildclaims.ca\/fr\/le-tribunal-canadien-des-droits-de-la-personne-tcdp-a-approuve-lentente-de-reglement-revisee\/\" \/>\n<meta property=\"og:site_name\" content=\"First Nations Child and Family Services and Jordan\u2019s Principle Settlement\" \/>\n<meta property=\"article:published_time\" content=\"2023-07-26T08:00:16+00:00\" \/>\n<meta property=\"article:modified_time\" content=\"2025-01-29T01:46:42+00:00\" \/>\n<meta property=\"og:image\" content=\"https:\/\/fnchildclaims.ca\/wp-content\/uploads\/2023\/01\/photo-1503431153573-96e959f4d9b7-scaled.jpeg\" \/>\n\t<meta property=\"og:image:width\" content=\"2560\" \/>\n\t<meta property=\"og:image:height\" content=\"1920\" \/>\n\t<meta property=\"og:image:type\" content=\"image\/jpeg\" \/>\n<meta name=\"author\" content=\"bbatigne@argylepr.com\" \/>\n<meta name=\"twitter:card\" content=\"summary_large_image\" \/>\n<meta name=\"twitter:label1\" content=\"\u00c9crit par\" \/>\n\t<meta name=\"twitter:data1\" content=\"bbatigne@argylepr.com\" \/>\n\t<meta name=\"twitter:label2\" content=\"Dur\u00e9e de lecture estim\u00e9e\" \/>\n\t<meta name=\"twitter:data2\" content=\"3 minutes\" \/>\n<script type=\"application\/ld+json\" class=\"yoast-schema-graph\">{\"@context\":\"https:\/\/schema.org\",\"@graph\":[{\"@type\":\"Article\",\"@id\":\"https:\/\/fnchildclaims.ca\/fr\/le-tribunal-canadien-des-droits-de-la-personne-tcdp-a-approuve-lentente-de-reglement-revisee\/#article\",\"isPartOf\":{\"@id\":\"https:\/\/fnchildclaims.ca\/fr\/le-tribunal-canadien-des-droits-de-la-personne-tcdp-a-approuve-lentente-de-reglement-revisee\/\"},\"author\":{\"name\":\"bbatigne@argylepr.com\",\"@id\":\"https:\/\/fnchildclaims.ca\/#\/schema\/person\/8648f47c9672ddbffdcf4514edb0a994\"},\"headline\":\"Le Tribunal canadien des droits de la personne (TCDP) a approuv\u00e9 l&rsquo;entente de r\u00e8glement r\u00e9vis\u00e9e.\",\"datePublished\":\"2023-07-26T08:00:16+00:00\",\"dateModified\":\"2025-01-29T01:46:42+00:00\",\"mainEntityOfPage\":{\"@id\":\"https:\/\/fnchildclaims.ca\/fr\/le-tribunal-canadien-des-droits-de-la-personne-tcdp-a-approuve-lentente-de-reglement-revisee\/\"},\"wordCount\":1071,\"image\":{\"@id\":\"https:\/\/fnchildclaims.ca\/fr\/le-tribunal-canadien-des-droits-de-la-personne-tcdp-a-approuve-lentente-de-reglement-revisee\/#primaryimage\"},\"thumbnailUrl\":\"https:\/\/fnchildclaims.ca\/wp-content\/uploads\/2023\/01\/photo-1503431153573-96e959f4d9b7-scaled.jpeg\",\"articleSection\":[\"Mise \u00e0 jour\"],\"inLanguage\":\"fr-FR\"},{\"@type\":\"WebPage\",\"@id\":\"https:\/\/fnchildclaims.ca\/fr\/le-tribunal-canadien-des-droits-de-la-personne-tcdp-a-approuve-lentente-de-reglement-revisee\/\",\"url\":\"https:\/\/fnchildclaims.ca\/fr\/le-tribunal-canadien-des-droits-de-la-personne-tcdp-a-approuve-lentente-de-reglement-revisee\/\",\"name\":\"Le Tribunal canadien des droits de la personne (TCDP) a approuv\u00e9 l'entente de r\u00e8glement r\u00e9vis\u00e9e. - First Nations Child and Family Services and Jordan\u2019s Principle Settlement\",\"isPartOf\":{\"@id\":\"https:\/\/fnchildclaims.ca\/#website\"},\"primaryImageOfPage\":{\"@id\":\"https:\/\/fnchildclaims.ca\/fr\/le-tribunal-canadien-des-droits-de-la-personne-tcdp-a-approuve-lentente-de-reglement-revisee\/#primaryimage\"},\"image\":{\"@id\":\"https:\/\/fnchildclaims.ca\/fr\/le-tribunal-canadien-des-droits-de-la-personne-tcdp-a-approuve-lentente-de-reglement-revisee\/#primaryimage\"},\"thumbnailUrl\":\"https:\/\/fnchildclaims.ca\/wp-content\/uploads\/2023\/01\/photo-1503431153573-96e959f4d9b7-scaled.jpeg\",\"datePublished\":\"2023-07-26T08:00:16+00:00\",\"dateModified\":\"2025-01-29T01:46:42+00:00\",\"author\":{\"@id\":\"https:\/\/fnchildclaims.ca\/#\/schema\/person\/8648f47c9672ddbffdcf4514edb0a994\"},\"description\":\"Le Tribunal canadien des droits de la personne (TCDP) a approuv\u00e9 l'entente de r\u00e8glement r\u00e9vis\u00e9e. L'audience d'approbation du r\u00e8glement est pr\u00e9vue \u00e0 Ottawa le 23 octobre 2023.\",\"breadcrumb\":{\"@id\":\"https:\/\/fnchildclaims.ca\/fr\/le-tribunal-canadien-des-droits-de-la-personne-tcdp-a-approuve-lentente-de-reglement-revisee\/#breadcrumb\"},\"inLanguage\":\"fr-FR\",\"potentialAction\":[{\"@type\":\"ReadAction\",\"target\":[\"https:\/\/fnchildclaims.ca\/fr\/le-tribunal-canadien-des-droits-de-la-personne-tcdp-a-approuve-lentente-de-reglement-revisee\/\"]}]},{\"@type\":\"ImageObject\",\"inLanguage\":\"fr-FR\",\"@id\":\"https:\/\/fnchildclaims.ca\/fr\/le-tribunal-canadien-des-droits-de-la-personne-tcdp-a-approuve-lentente-de-reglement-revisee\/#primaryimage\",\"url\":\"https:\/\/fnchildclaims.ca\/wp-content\/uploads\/2023\/01\/photo-1503431153573-96e959f4d9b7-scaled.jpeg\",\"contentUrl\":\"https:\/\/fnchildclaims.ca\/wp-content\/uploads\/2023\/01\/photo-1503431153573-96e959f4d9b7-scaled.jpeg\",\"width\":2560,\"height\":1920,\"caption\":\"Famille autochtone marchant en plein air\"},{\"@type\":\"BreadcrumbList\",\"@id\":\"https:\/\/fnchildclaims.ca\/fr\/le-tribunal-canadien-des-droits-de-la-personne-tcdp-a-approuve-lentente-de-reglement-revisee\/#breadcrumb\",\"itemListElement\":[{\"@type\":\"ListItem\",\"position\":1,\"name\":\"Accueil\",\"item\":\"https:\/\/fnchildclaims.ca\/fr\/\"},{\"@type\":\"ListItem\",\"position\":2,\"name\":\"Le Tribunal canadien des droits de la personne (TCDP) a approuv\u00e9 l&#8217;entente de r\u00e8glement r\u00e9vis\u00e9e.\"}]},{\"@type\":\"WebSite\",\"@id\":\"https:\/\/fnchildclaims.ca\/#website\",\"url\":\"https:\/\/fnchildclaims.ca\/\",\"name\":\"First Nations Child and Family Services and Jordan\u2019s Principle Settlement\",\"description\":\"\",\"potentialAction\":[{\"@type\":\"SearchAction\",\"target\":{\"@type\":\"EntryPoint\",\"urlTemplate\":\"https:\/\/fnchildclaims.ca\/?s={search_term_string}\"},\"query-input\":{\"@type\":\"PropertyValueSpecification\",\"valueRequired\":true,\"valueName\":\"search_term_string\"}}],\"inLanguage\":\"fr-FR\"},{\"@type\":\"Person\",\"@id\":\"https:\/\/fnchildclaims.ca\/#\/schema\/person\/8648f47c9672ddbffdcf4514edb0a994\",\"name\":\"bbatigne@argylepr.com\",\"image\":{\"@type\":\"ImageObject\",\"inLanguage\":\"fr-FR\",\"@id\":\"https:\/\/fnchildclaims.ca\/wp-content\/litespeed\/avatar\/c001edcf84e8d1aca11dd2c490e24158.jpg?ver=1777659423\",\"url\":\"https:\/\/fnchildclaims.ca\/wp-content\/litespeed\/avatar\/c001edcf84e8d1aca11dd2c490e24158.jpg?ver=1777659423\",\"contentUrl\":\"https:\/\/fnchildclaims.ca\/wp-content\/litespeed\/avatar\/c001edcf84e8d1aca11dd2c490e24158.jpg?ver=1777659423\",\"caption\":\"bbatigne@argylepr.com\"},\"url\":\"https:\/\/fnchildclaims.ca\/fr\/author\/bbatigneargylepr-com\/\"}]}<\/script>\n<!-- \/ Yoast SEO plugin. -->","yoast_head_json":{"title":"Le Tribunal canadien des droits de la personne (TCDP) a approuv\u00e9 l'entente de r\u00e8glement r\u00e9vis\u00e9e. - First Nations Child and Family Services and Jordan\u2019s Principle Settlement","description":"Le Tribunal canadien des droits de la personne (TCDP) a approuv\u00e9 l'entente de r\u00e8glement r\u00e9vis\u00e9e. L'audience d'approbation du r\u00e8glement est pr\u00e9vue \u00e0 Ottawa le 23 octobre 2023.","robots":{"index":"index","follow":"follow","max-snippet":"max-snippet:-1","max-image-preview":"max-image-preview:large","max-video-preview":"max-video-preview:-1"},"canonical":"https:\/\/fnchildclaims.ca\/fr\/le-tribunal-canadien-des-droits-de-la-personne-tcdp-a-approuve-lentente-de-reglement-revisee\/","og_locale":"fr_FR","og_type":"article","og_title":"Le Tribunal canadien des droits de la personne (TCDP) a approuv\u00e9 l'entente de r\u00e8glement r\u00e9vis\u00e9e. - First Nations Child and Family Services and Jordan\u2019s Principle Settlement","og_description":"Le Tribunal canadien des droits de la personne (TCDP) a approuv\u00e9 l'entente de r\u00e8glement r\u00e9vis\u00e9e. L'audience d'approbation du r\u00e8glement est pr\u00e9vue \u00e0 Ottawa le 23 octobre 2023.","og_url":"https:\/\/fnchildclaims.ca\/fr\/le-tribunal-canadien-des-droits-de-la-personne-tcdp-a-approuve-lentente-de-reglement-revisee\/","og_site_name":"First Nations Child and Family Services and Jordan\u2019s Principle Settlement","article_published_time":"2023-07-26T08:00:16+00:00","article_modified_time":"2025-01-29T01:46:42+00:00","og_image":[{"width":2560,"height":1920,"url":"https:\/\/fnchildclaims.ca\/wp-content\/uploads\/2023\/01\/photo-1503431153573-96e959f4d9b7-scaled.jpeg","type":"image\/jpeg"}],"author":"bbatigne@argylepr.com","twitter_card":"summary_large_image","twitter_misc":{"\u00c9crit par":"bbatigne@argylepr.com","Dur\u00e9e de lecture estim\u00e9e":"3 minutes"},"schema":{"@context":"https:\/\/schema.org","@graph":[{"@type":"Article","@id":"https:\/\/fnchildclaims.ca\/fr\/le-tribunal-canadien-des-droits-de-la-personne-tcdp-a-approuve-lentente-de-reglement-revisee\/#article","isPartOf":{"@id":"https:\/\/fnchildclaims.ca\/fr\/le-tribunal-canadien-des-droits-de-la-personne-tcdp-a-approuve-lentente-de-reglement-revisee\/"},"author":{"name":"bbatigne@argylepr.com","@id":"https:\/\/fnchildclaims.ca\/#\/schema\/person\/8648f47c9672ddbffdcf4514edb0a994"},"headline":"Le Tribunal canadien des droits de la personne (TCDP) a approuv\u00e9 l&rsquo;entente de r\u00e8glement r\u00e9vis\u00e9e.","datePublished":"2023-07-26T08:00:16+00:00","dateModified":"2025-01-29T01:46:42+00:00","mainEntityOfPage":{"@id":"https:\/\/fnchildclaims.ca\/fr\/le-tribunal-canadien-des-droits-de-la-personne-tcdp-a-approuve-lentente-de-reglement-revisee\/"},"wordCount":1071,"image":{"@id":"https:\/\/fnchildclaims.ca\/fr\/le-tribunal-canadien-des-droits-de-la-personne-tcdp-a-approuve-lentente-de-reglement-revisee\/#primaryimage"},"thumbnailUrl":"https:\/\/fnchildclaims.ca\/wp-content\/uploads\/2023\/01\/photo-1503431153573-96e959f4d9b7-scaled.jpeg","articleSection":["Mise \u00e0 jour"],"inLanguage":"fr-FR"},{"@type":"WebPage","@id":"https:\/\/fnchildclaims.ca\/fr\/le-tribunal-canadien-des-droits-de-la-personne-tcdp-a-approuve-lentente-de-reglement-revisee\/","url":"https:\/\/fnchildclaims.ca\/fr\/le-tribunal-canadien-des-droits-de-la-personne-tcdp-a-approuve-lentente-de-reglement-revisee\/","name":"Le Tribunal canadien des droits de la personne (TCDP) a approuv\u00e9 l'entente de r\u00e8glement r\u00e9vis\u00e9e. - First Nations Child and Family Services and Jordan\u2019s Principle Settlement","isPartOf":{"@id":"https:\/\/fnchildclaims.ca\/#website"},"primaryImageOfPage":{"@id":"https:\/\/fnchildclaims.ca\/fr\/le-tribunal-canadien-des-droits-de-la-personne-tcdp-a-approuve-lentente-de-reglement-revisee\/#primaryimage"},"image":{"@id":"https:\/\/fnchildclaims.ca\/fr\/le-tribunal-canadien-des-droits-de-la-personne-tcdp-a-approuve-lentente-de-reglement-revisee\/#primaryimage"},"thumbnailUrl":"https:\/\/fnchildclaims.ca\/wp-content\/uploads\/2023\/01\/photo-1503431153573-96e959f4d9b7-scaled.jpeg","datePublished":"2023-07-26T08:00:16+00:00","dateModified":"2025-01-29T01:46:42+00:00","author":{"@id":"https:\/\/fnchildclaims.ca\/#\/schema\/person\/8648f47c9672ddbffdcf4514edb0a994"},"description":"Le Tribunal canadien des droits de la personne (TCDP) a approuv\u00e9 l'entente de r\u00e8glement r\u00e9vis\u00e9e. L'audience d'approbation du r\u00e8glement est pr\u00e9vue \u00e0 Ottawa le 23 octobre 2023.","breadcrumb":{"@id":"https:\/\/fnchildclaims.ca\/fr\/le-tribunal-canadien-des-droits-de-la-personne-tcdp-a-approuve-lentente-de-reglement-revisee\/#breadcrumb"},"inLanguage":"fr-FR","potentialAction":[{"@type":"ReadAction","target":["https:\/\/fnchildclaims.ca\/fr\/le-tribunal-canadien-des-droits-de-la-personne-tcdp-a-approuve-lentente-de-reglement-revisee\/"]}]},{"@type":"ImageObject","inLanguage":"fr-FR","@id":"https:\/\/fnchildclaims.ca\/fr\/le-tribunal-canadien-des-droits-de-la-personne-tcdp-a-approuve-lentente-de-reglement-revisee\/#primaryimage","url":"https:\/\/fnchildclaims.ca\/wp-content\/uploads\/2023\/01\/photo-1503431153573-96e959f4d9b7-scaled.jpeg","contentUrl":"https:\/\/fnchildclaims.ca\/wp-content\/uploads\/2023\/01\/photo-1503431153573-96e959f4d9b7-scaled.jpeg","width":2560,"height":1920,"caption":"Famille autochtone marchant en plein air"},{"@type":"BreadcrumbList","@id":"https:\/\/fnchildclaims.ca\/fr\/le-tribunal-canadien-des-droits-de-la-personne-tcdp-a-approuve-lentente-de-reglement-revisee\/#breadcrumb","itemListElement":[{"@type":"ListItem","position":1,"name":"Accueil","item":"https:\/\/fnchildclaims.ca\/fr\/"},{"@type":"ListItem","position":2,"name":"Le Tribunal canadien des droits de la personne (TCDP) a approuv\u00e9 l&#8217;entente de r\u00e8glement r\u00e9vis\u00e9e."}]},{"@type":"WebSite","@id":"https:\/\/fnchildclaims.ca\/#website","url":"https:\/\/fnchildclaims.ca\/","name":"First Nations Child and Family Services and Jordan\u2019s Principle Settlement","description":"","potentialAction":[{"@type":"SearchAction","target":{"@type":"EntryPoint","urlTemplate":"https:\/\/fnchildclaims.ca\/?s={search_term_string}"},"query-input":{"@type":"PropertyValueSpecification","valueRequired":true,"valueName":"search_term_string"}}],"inLanguage":"fr-FR"},{"@type":"Person","@id":"https:\/\/fnchildclaims.ca\/#\/schema\/person\/8648f47c9672ddbffdcf4514edb0a994","name":"bbatigne@argylepr.com","image":{"@type":"ImageObject","inLanguage":"fr-FR","@id":"https:\/\/fnchildclaims.ca\/wp-content\/litespeed\/avatar\/c001edcf84e8d1aca11dd2c490e24158.jpg?ver=1777659423","url":"https:\/\/fnchildclaims.ca\/wp-content\/litespeed\/avatar\/c001edcf84e8d1aca11dd2c490e24158.jpg?ver=1777659423","contentUrl":"https:\/\/fnchildclaims.ca\/wp-content\/litespeed\/avatar\/c001edcf84e8d1aca11dd2c490e24158.jpg?ver=1777659423","caption":"bbatigne@argylepr.com"},"url":"https:\/\/fnchildclaims.ca\/fr\/author\/bbatigneargylepr-com\/"}]}},"_links":{"self":[{"href":"https:\/\/fnchildclaims.ca\/fr\/wp-json\/wp\/v2\/posts\/3820","targetHints":{"allow":["GET"]}}],"collection":[{"href":"https:\/\/fnchildclaims.ca\/fr\/wp-json\/wp\/v2\/posts"}],"about":[{"href":"https:\/\/fnchildclaims.ca\/fr\/wp-json\/wp\/v2\/types\/post"}],"author":[{"embeddable":true,"href":"https:\/\/fnchildclaims.ca\/fr\/wp-json\/wp\/v2\/users\/4"}],"replies":[{"embeddable":true,"href":"https:\/\/fnchildclaims.ca\/fr\/wp-json\/wp\/v2\/comments?post=3820"}],"version-history":[{"count":14,"href":"https:\/\/fnchildclaims.ca\/fr\/wp-json\/wp\/v2\/posts\/3820\/revisions"}],"predecessor-version":[{"id":14329,"href":"https:\/\/fnchildclaims.ca\/fr\/wp-json\/wp\/v2\/posts\/3820\/revisions\/14329"}],"wp:featuredmedia":[{"embeddable":true,"href":"https:\/\/fnchildclaims.ca\/fr\/wp-json\/wp\/v2\/media\/2059"}],"wp:attachment":[{"href":"https:\/\/fnchildclaims.ca\/fr\/wp-json\/wp\/v2\/media?parent=3820"}],"wp:term":[{"taxonomy":"category","embeddable":true,"href":"https:\/\/fnchildclaims.ca\/fr\/wp-json\/wp\/v2\/categories?post=3820"},{"taxonomy":"post_tag","embeddable":true,"href":"https:\/\/fnchildclaims.ca\/fr\/wp-json\/wp\/v2\/tags?post=3820"}],"curies":[{"name":"wp","href":"https:\/\/api.w.org\/{rel}","templated":true}]}}