{"id":22941,"date":"2025-09-26T20:00:55","date_gmt":"2025-09-26T20:00:55","guid":{"rendered":"https:\/\/fnchildclaims.ca\/?p=22941"},"modified":"2026-01-29T20:28:50","modified_gmt":"2026-01-29T20:28:50","slug":"avis-important-perturbation-du-service-postal","status":"publish","type":"post","link":"https:\/\/fnchildclaims.ca\/fr\/avis-important-perturbation-du-service-postal\/","title":{"rendered":"Avis important\u202f: perturbation du service postal"},"content":{"rendered":"<div class=\"fusion-fullwidth fullwidth-box fusion-builder-row-1 fusion-flex-container nonhundred-percent-fullwidth non-hundred-percent-height-scrolling\" style=\"--awb-border-radius-top-left:0px;--awb-border-radius-top-right:0px;--awb-border-radius-bottom-right:0px;--awb-border-radius-bottom-left:0px;\" ><div class=\"fusion-builder-row fusion-row fusion-flex-align-items-flex-start\" style=\"max-width:1216.8px;margin-left: calc(-4% \/ 2 );margin-right: calc(-4% \/ 2 );\"><div class=\"fusion-layout-column fusion_builder_column fusion-builder-column-0 fusion_builder_column_1_1 1_1 fusion-flex-column\" style=\"--awb-padding-top:46px;--awb-bg-blend:overlay;--awb-bg-size:cover;--awb-width-large:100%;--awb-margin-top-large:0px;--awb-spacing-right-large:1.92%;--awb-margin-bottom-large:0px;--awb-spacing-left-large:1.92%;--awb-width-medium:100%;--awb-spacing-right-medium:1.92%;--awb-spacing-left-medium:1.92%;--awb-width-small:100%;--awb-spacing-right-small:1.92%;--awb-spacing-left-small:1.92%;\"><div class=\"fusion-column-wrapper fusion-flex-justify-content-flex-start fusion-content-layout-column\"><div class=\"fusion-text fusion-text-1\"><p><span style=\"color: #635b73; font-size: 40px; font-weight: bold; letter-spacing: normal; background-color: rgba(0, 0, 0, 0);\">Avis important\u202f: perturbation du service postal<\/span><\/p>\n<p><strong>26\u202fseptembre 2025<br \/><i class=\"fb-icon-element-1 fb-icon-element fontawesome-icon fa-edit fas circle-no fusion-text-flow\" style=\"--awb-font-size:14px;--awb-margin-right:7px;\"><\/i><span style=\"font-size: 14px;\">Mis \u00e0 jour le 16 octobre 2025<\/span><\/strong><\/p>\n<p>&#8211;<\/p>\n<p><strong>Mise \u00e0 jour en date du 16 octobre 2025<\/strong><\/p>\n<p><span class=\"TextRun SCXW228694247 BCX0\" lang=\"FR-CA\" xml:lang=\"FR-CA\" data-contrast=\"none\"><span class=\"NormalTextRun SCXW228694247 BCX0\">Bien que les travailleuses et travailleurs postaux aient repris leurs activit\u00e9s dans certaines r\u00e9gions le 11\u202foctobre dernier, les retards dans la distribution du courrier devraient se poursuivre, car Postes Canada commence \u00e0 organiser des arr\u00eats de travail en alternance partout au pays.<\/span><\/span><span class=\"EOP SCXW228694247 BCX0\" data-ccp-props=\"{&quot;134233117&quot;:false,&quot;134233118&quot;:false,&quot;335559738&quot;:240,&quot;335559739&quot;:240}\">&nbsp;<\/span><\/p>\n<p>&#8211;<\/p>\n<p>La gr\u00e8ve postale nationale aura une incidence sur la livraison en temps opportun du courrier li\u00e9 au r\u00e8glement, comme les lettres de d\u00e9cision et les ch\u00e8ques d\u2019indemnisation.<\/p>\n<p>Nous vous encourageons \u00e0 soumettre votre r\u00e9clamation et toutes les pi\u00e8ces justificatives de l\u2019une des fa\u00e7ons suivantes afin d\u2019\u00e9viter tout retard dans le traitement de votre r\u00e9clamation\u202f:<\/p>\n<ul>\n<li><i class=\"fb-icon-element-2 fb-icon-element fontawesome-icon fa-desktop fas circle-no fusion-text-flow\" style=\"--awb-font-size:16px;--awb-margin-right:8px;\"><\/i> Portail des r\u00e9clamations en ligne : <a href=\"http:\/\/Portal.FNChildClaims.ca\">Portal.FNChildClaims.ca <\/a><\/li>\n<li><i class=\"fb-icon-element-3 fb-icon-element fontawesome-icon fa-at fas circle-no fusion-text-flow\" style=\"--awb-font-size:16px;--awb-margin-right:8px;\"><\/i> Courriel : <a href=\"mailto:Claims@Admin.FNChildClaims.ca\">Claims@Admin.FNChildClaims.ca<\/a><\/li>\n<li><i class=\"fb-icon-element-4 fb-icon-element fontawesome-icon fa-fax fas circle-no fusion-text-flow\" style=\"--awb-font-size:16px;--awb-margin-right:8px;\"><\/i> Fax : 1-416-815-2723<\/li>\n<\/ul>\n<p>Veuillez noter que l&rsquo;administrateur n&rsquo;accepte pas les livraisons par messagerie.<\/p>\n<p>L\u2019administrateur continue de traiter toutes les r\u00e9clamations pendant cette perturbation postale. Les paiements continuent d\u2019\u00eatre \u00e9mis. La perturbation ne touche que la livraison des lettres par la poste.<\/p>\n<p>Pour cette raison, vous pourriez constater des retards dans la r\u00e9ception du courrier de l\u2019administrateur, notamment les lettres suivantes\u202f:<\/p>\n<ul>\n<li>Les lettres confirmant que l\u2019administrateur a re\u00e7u votre r\u00e9clamation<\/li>\n<li>Les lettres de d\u00e9cision concernant votre r\u00e9clamation<\/li>\n<li>Les lettres de paiement confirmant la date \u00e0 laquelle votre indemnit\u00e9 a \u00e9t\u00e9 vers\u00e9e<\/li>\n<\/ul>\n<p>Si vous attendez une lettre et que vous \u00eates pr\u00e9occup\u00e9 par les retards de livraison du courrier, veuillez appeler l\u2019administrateur au num\u00e9ro sans frais 1-833-852-0755 pour confirmer l\u2019\u00e9tat de votre r\u00e9clamation ou communiquer avec un assistant aux r\u00e9clamations.<\/p>\n<p>Veuillez continuer \u00e0 consulter notre site Web pour obtenir des mises \u00e0 jour ou suivez-nous sur <a href=\"https:\/\/www.Facebook.com\/FNChildClaims\">Facebook <i class=\"fb-icon-element-5 fb-icon-element fontawesome-icon fa-external-link-alt fas circle-no fusion-text-flow\" style=\"--awb-iconcolor:var(--awb-color5);--awb-font-size:16px;--awb-margin-right:8px;\"><\/i><\/a>, <a href=\"https:\/\/www.Instagram.com\/FNChildClaims\">Instagram <i class=\"fb-icon-element-6 fb-icon-element fontawesome-icon fa-external-link-alt fas circle-no fusion-text-flow\" style=\"--awb-iconcolor:var(--awb-color5);--awb-font-size:16px;--awb-margin-right:8px;\"><\/i><\/a> ou <a href=\"https:\/\/www.X.com\/FNChildClaims\">X <i class=\"fb-icon-element-7 fb-icon-element fontawesome-icon fa-external-link-alt fas circle-no fusion-text-flow\" style=\"--awb-iconcolor:var(--awb-color5);--awb-font-size:16px;--awb-margin-right:8px;\"><\/i><\/a>.<\/p>\n<\/div><\/div><\/div><\/div><\/div>\n","protected":false},"excerpt":{"rendered":"<p>La gr\u00e8ve postale pourrait retarder les lettres ou ch\u00e8ques. Voyez comment soumettre une demande en ligne, par courriel ou t\u00e9l\u00e9copieur. <\/p>\n","protected":false},"author":4,"featured_media":22955,"comment_status":"closed","ping_status":"open","sticky":false,"template":"","format":"standard","meta":{"_acf_changed":false,"inline_featured_image":false,"footnotes":"","_links_to":"","_links_to_target":""},"categories":[80],"tags":[1065],"class_list":["post-22941","post","type-post","status-publish","format-standard","has-post-thumbnail","hentry","category-mise-a-jour","tag-important-fr"],"acf":[],"yoast_head":"<!-- This site is optimized with the Yoast SEO plugin v27.2 - https:\/\/yoast.com\/product\/yoast-seo-wordpress\/ -->\n<title>Avis important\u202f: perturbation du service postal - First Nations Child and Family Services and Jordan\u2019s Principle Settlement<\/title>\n<meta name=\"description\" content=\"La gr\u00e8ve postale pourrait retarder les lettres ou ch\u00e8ques. Voyez comment soumettre une demande en ligne, par courriel ou t\u00e9l\u00e9copieur.\" \/>\n<meta name=\"robots\" content=\"index, follow, max-snippet:-1, max-image-preview:large, max-video-preview:-1\" \/>\n<link rel=\"canonical\" href=\"https:\/\/fnchildclaims.ca\/fr\/avis-important-perturbation-du-service-postal\/\" \/>\n<meta property=\"og:locale\" content=\"fr_FR\" \/>\n<meta property=\"og:type\" content=\"article\" \/>\n<meta property=\"og:title\" content=\"Avis important\u202f: perturbation du service postal\" \/>\n<meta property=\"og:description\" content=\"La gr\u00e8ve postale pourrait retarder les lettres ou ch\u00e8ques. Voyez comment soumettre une demande en ligne, par courriel ou t\u00e9l\u00e9copieur.\" \/>\n<meta property=\"og:url\" content=\"https:\/\/fnchildclaims.ca\/fr\/avis-important-perturbation-du-service-postal\/\" \/>\n<meta property=\"og:site_name\" content=\"First Nations Child and Family Services and Jordan\u2019s Principle Settlement\" \/>\n<meta property=\"article:published_time\" content=\"2025-09-26T20:00:55+00:00\" \/>\n<meta property=\"article:modified_time\" content=\"2026-01-29T20:28:50+00:00\" \/>\n<meta property=\"og:image\" content=\"https:\/\/fnchildclaims.ca\/wp-content\/uploads\/2025\/09\/CanadaPost-disruptionFR.png\" \/>\n\t<meta property=\"og:image:width\" content=\"800\" \/>\n\t<meta property=\"og:image:height\" content=\"530\" \/>\n\t<meta property=\"og:image:type\" content=\"image\/png\" \/>\n<meta name=\"author\" content=\"bbatigne@argylepr.com\" \/>\n<meta name=\"twitter:card\" content=\"summary_large_image\" \/>\n<meta name=\"twitter:label1\" content=\"\u00c9crit par\" \/>\n\t<meta name=\"twitter:data1\" content=\"bbatigne@argylepr.com\" \/>\n\t<meta name=\"twitter:label2\" content=\"Dur\u00e9e de lecture estim\u00e9e\" \/>\n\t<meta name=\"twitter:data2\" content=\"3 minutes\" \/>\n<script type=\"application\/ld+json\" class=\"yoast-schema-graph\">{\"@context\":\"https:\/\/schema.org\",\"@graph\":[{\"@type\":\"Article\",\"@id\":\"https:\/\/fnchildclaims.ca\/fr\/avis-important-perturbation-du-service-postal\/#article\",\"isPartOf\":{\"@id\":\"https:\/\/fnchildclaims.ca\/fr\/avis-important-perturbation-du-service-postal\/\"},\"author\":{\"name\":\"bbatigne@argylepr.com\",\"@id\":\"https:\/\/fnchildclaims.ca\/#\/schema\/person\/8648f47c9672ddbffdcf4514edb0a994\"},\"headline\":\"Avis important\u202f: perturbation du service postal\",\"datePublished\":\"2025-09-26T20:00:55+00:00\",\"dateModified\":\"2026-01-29T20:28:50+00:00\",\"mainEntityOfPage\":{\"@id\":\"https:\/\/fnchildclaims.ca\/fr\/avis-important-perturbation-du-service-postal\/\"},\"wordCount\":888,\"image\":{\"@id\":\"https:\/\/fnchildclaims.ca\/fr\/avis-important-perturbation-du-service-postal\/#primaryimage\"},\"thumbnailUrl\":\"https:\/\/fnchildclaims.ca\/wp-content\/uploads\/2025\/09\/CanadaPost-disruptionFR.png\",\"keywords\":[\"Important\"],\"articleSection\":[\"Mise \u00e0 jour\"],\"inLanguage\":\"fr-FR\"},{\"@type\":\"WebPage\",\"@id\":\"https:\/\/fnchildclaims.ca\/fr\/avis-important-perturbation-du-service-postal\/\",\"url\":\"https:\/\/fnchildclaims.ca\/fr\/avis-important-perturbation-du-service-postal\/\",\"name\":\"Avis important\u202f: perturbation du service postal - First Nations Child and Family Services and Jordan\u2019s Principle Settlement\",\"isPartOf\":{\"@id\":\"https:\/\/fnchildclaims.ca\/#website\"},\"primaryImageOfPage\":{\"@id\":\"https:\/\/fnchildclaims.ca\/fr\/avis-important-perturbation-du-service-postal\/#primaryimage\"},\"image\":{\"@id\":\"https:\/\/fnchildclaims.ca\/fr\/avis-important-perturbation-du-service-postal\/#primaryimage\"},\"thumbnailUrl\":\"https:\/\/fnchildclaims.ca\/wp-content\/uploads\/2025\/09\/CanadaPost-disruptionFR.png\",\"datePublished\":\"2025-09-26T20:00:55+00:00\",\"dateModified\":\"2026-01-29T20:28:50+00:00\",\"author\":{\"@id\":\"https:\/\/fnchildclaims.ca\/#\/schema\/person\/8648f47c9672ddbffdcf4514edb0a994\"},\"description\":\"La gr\u00e8ve postale pourrait retarder les lettres ou ch\u00e8ques. Voyez comment soumettre une demande en ligne, par courriel ou t\u00e9l\u00e9copieur.\",\"breadcrumb\":{\"@id\":\"https:\/\/fnchildclaims.ca\/fr\/avis-important-perturbation-du-service-postal\/#breadcrumb\"},\"inLanguage\":\"fr-FR\",\"potentialAction\":[{\"@type\":\"ReadAction\",\"target\":[\"https:\/\/fnchildclaims.ca\/fr\/avis-important-perturbation-du-service-postal\/\"]}]},{\"@type\":\"ImageObject\",\"inLanguage\":\"fr-FR\",\"@id\":\"https:\/\/fnchildclaims.ca\/fr\/avis-important-perturbation-du-service-postal\/#primaryimage\",\"url\":\"https:\/\/fnchildclaims.ca\/wp-content\/uploads\/2025\/09\/CanadaPost-disruptionFR.png\",\"contentUrl\":\"https:\/\/fnchildclaims.ca\/wp-content\/uploads\/2025\/09\/CanadaPost-disruptionFR.png\",\"width\":800,\"height\":530},{\"@type\":\"BreadcrumbList\",\"@id\":\"https:\/\/fnchildclaims.ca\/fr\/avis-important-perturbation-du-service-postal\/#breadcrumb\",\"itemListElement\":[{\"@type\":\"ListItem\",\"position\":1,\"name\":\"Accueil\",\"item\":\"https:\/\/fnchildclaims.ca\/fr\/\"},{\"@type\":\"ListItem\",\"position\":2,\"name\":\"Avis important\u202f: perturbation du service postal\"}]},{\"@type\":\"WebSite\",\"@id\":\"https:\/\/fnchildclaims.ca\/#website\",\"url\":\"https:\/\/fnchildclaims.ca\/\",\"name\":\"First Nations Child and Family Services and Jordan\u2019s Principle Settlement\",\"description\":\"\",\"potentialAction\":[{\"@type\":\"SearchAction\",\"target\":{\"@type\":\"EntryPoint\",\"urlTemplate\":\"https:\/\/fnchildclaims.ca\/?s={search_term_string}\"},\"query-input\":{\"@type\":\"PropertyValueSpecification\",\"valueRequired\":true,\"valueName\":\"search_term_string\"}}],\"inLanguage\":\"fr-FR\"},{\"@type\":\"Person\",\"@id\":\"https:\/\/fnchildclaims.ca\/#\/schema\/person\/8648f47c9672ddbffdcf4514edb0a994\",\"name\":\"bbatigne@argylepr.com\",\"image\":{\"@type\":\"ImageObject\",\"inLanguage\":\"fr-FR\",\"@id\":\"https:\/\/fnchildclaims.ca\/wp-content\/litespeed\/avatar\/c001edcf84e8d1aca11dd2c490e24158.jpg?ver=1777054236\",\"url\":\"https:\/\/fnchildclaims.ca\/wp-content\/litespeed\/avatar\/c001edcf84e8d1aca11dd2c490e24158.jpg?ver=1777054236\",\"contentUrl\":\"https:\/\/fnchildclaims.ca\/wp-content\/litespeed\/avatar\/c001edcf84e8d1aca11dd2c490e24158.jpg?ver=1777054236\",\"caption\":\"bbatigne@argylepr.com\"},\"url\":\"https:\/\/fnchildclaims.ca\/fr\/author\/bbatigneargylepr-com\/\"}]}<\/script>\n<!-- \/ Yoast SEO plugin. -->","yoast_head_json":{"title":"Avis important\u202f: perturbation du service postal - First Nations Child and Family Services and Jordan\u2019s Principle Settlement","description":"La gr\u00e8ve postale pourrait retarder les lettres ou ch\u00e8ques. Voyez comment soumettre une demande en ligne, par courriel ou t\u00e9l\u00e9copieur.","robots":{"index":"index","follow":"follow","max-snippet":"max-snippet:-1","max-image-preview":"max-image-preview:large","max-video-preview":"max-video-preview:-1"},"canonical":"https:\/\/fnchildclaims.ca\/fr\/avis-important-perturbation-du-service-postal\/","og_locale":"fr_FR","og_type":"article","og_title":"Avis important\u202f: perturbation du service postal","og_description":"La gr\u00e8ve postale pourrait retarder les lettres ou ch\u00e8ques. Voyez comment soumettre une demande en ligne, par courriel ou t\u00e9l\u00e9copieur.","og_url":"https:\/\/fnchildclaims.ca\/fr\/avis-important-perturbation-du-service-postal\/","og_site_name":"First Nations Child and Family Services and Jordan\u2019s Principle Settlement","article_published_time":"2025-09-26T20:00:55+00:00","article_modified_time":"2026-01-29T20:28:50+00:00","og_image":[{"width":800,"height":530,"url":"https:\/\/fnchildclaims.ca\/wp-content\/uploads\/2025\/09\/CanadaPost-disruptionFR.png","type":"image\/png"}],"author":"bbatigne@argylepr.com","twitter_card":"summary_large_image","twitter_misc":{"\u00c9crit par":"bbatigne@argylepr.com","Dur\u00e9e de lecture estim\u00e9e":"3 minutes"},"schema":{"@context":"https:\/\/schema.org","@graph":[{"@type":"Article","@id":"https:\/\/fnchildclaims.ca\/fr\/avis-important-perturbation-du-service-postal\/#article","isPartOf":{"@id":"https:\/\/fnchildclaims.ca\/fr\/avis-important-perturbation-du-service-postal\/"},"author":{"name":"bbatigne@argylepr.com","@id":"https:\/\/fnchildclaims.ca\/#\/schema\/person\/8648f47c9672ddbffdcf4514edb0a994"},"headline":"Avis important\u202f: perturbation du service postal","datePublished":"2025-09-26T20:00:55+00:00","dateModified":"2026-01-29T20:28:50+00:00","mainEntityOfPage":{"@id":"https:\/\/fnchildclaims.ca\/fr\/avis-important-perturbation-du-service-postal\/"},"wordCount":888,"image":{"@id":"https:\/\/fnchildclaims.ca\/fr\/avis-important-perturbation-du-service-postal\/#primaryimage"},"thumbnailUrl":"https:\/\/fnchildclaims.ca\/wp-content\/uploads\/2025\/09\/CanadaPost-disruptionFR.png","keywords":["Important"],"articleSection":["Mise \u00e0 jour"],"inLanguage":"fr-FR"},{"@type":"WebPage","@id":"https:\/\/fnchildclaims.ca\/fr\/avis-important-perturbation-du-service-postal\/","url":"https:\/\/fnchildclaims.ca\/fr\/avis-important-perturbation-du-service-postal\/","name":"Avis important\u202f: perturbation du service postal - First Nations Child and Family Services and Jordan\u2019s Principle Settlement","isPartOf":{"@id":"https:\/\/fnchildclaims.ca\/#website"},"primaryImageOfPage":{"@id":"https:\/\/fnchildclaims.ca\/fr\/avis-important-perturbation-du-service-postal\/#primaryimage"},"image":{"@id":"https:\/\/fnchildclaims.ca\/fr\/avis-important-perturbation-du-service-postal\/#primaryimage"},"thumbnailUrl":"https:\/\/fnchildclaims.ca\/wp-content\/uploads\/2025\/09\/CanadaPost-disruptionFR.png","datePublished":"2025-09-26T20:00:55+00:00","dateModified":"2026-01-29T20:28:50+00:00","author":{"@id":"https:\/\/fnchildclaims.ca\/#\/schema\/person\/8648f47c9672ddbffdcf4514edb0a994"},"description":"La gr\u00e8ve postale pourrait retarder les lettres ou ch\u00e8ques. Voyez comment soumettre une demande en ligne, par courriel ou t\u00e9l\u00e9copieur.","breadcrumb":{"@id":"https:\/\/fnchildclaims.ca\/fr\/avis-important-perturbation-du-service-postal\/#breadcrumb"},"inLanguage":"fr-FR","potentialAction":[{"@type":"ReadAction","target":["https:\/\/fnchildclaims.ca\/fr\/avis-important-perturbation-du-service-postal\/"]}]},{"@type":"ImageObject","inLanguage":"fr-FR","@id":"https:\/\/fnchildclaims.ca\/fr\/avis-important-perturbation-du-service-postal\/#primaryimage","url":"https:\/\/fnchildclaims.ca\/wp-content\/uploads\/2025\/09\/CanadaPost-disruptionFR.png","contentUrl":"https:\/\/fnchildclaims.ca\/wp-content\/uploads\/2025\/09\/CanadaPost-disruptionFR.png","width":800,"height":530},{"@type":"BreadcrumbList","@id":"https:\/\/fnchildclaims.ca\/fr\/avis-important-perturbation-du-service-postal\/#breadcrumb","itemListElement":[{"@type":"ListItem","position":1,"name":"Accueil","item":"https:\/\/fnchildclaims.ca\/fr\/"},{"@type":"ListItem","position":2,"name":"Avis important\u202f: perturbation du service postal"}]},{"@type":"WebSite","@id":"https:\/\/fnchildclaims.ca\/#website","url":"https:\/\/fnchildclaims.ca\/","name":"First Nations Child and Family Services and Jordan\u2019s Principle Settlement","description":"","potentialAction":[{"@type":"SearchAction","target":{"@type":"EntryPoint","urlTemplate":"https:\/\/fnchildclaims.ca\/?s={search_term_string}"},"query-input":{"@type":"PropertyValueSpecification","valueRequired":true,"valueName":"search_term_string"}}],"inLanguage":"fr-FR"},{"@type":"Person","@id":"https:\/\/fnchildclaims.ca\/#\/schema\/person\/8648f47c9672ddbffdcf4514edb0a994","name":"bbatigne@argylepr.com","image":{"@type":"ImageObject","inLanguage":"fr-FR","@id":"https:\/\/fnchildclaims.ca\/wp-content\/litespeed\/avatar\/c001edcf84e8d1aca11dd2c490e24158.jpg?ver=1777054236","url":"https:\/\/fnchildclaims.ca\/wp-content\/litespeed\/avatar\/c001edcf84e8d1aca11dd2c490e24158.jpg?ver=1777054236","contentUrl":"https:\/\/fnchildclaims.ca\/wp-content\/litespeed\/avatar\/c001edcf84e8d1aca11dd2c490e24158.jpg?ver=1777054236","caption":"bbatigne@argylepr.com"},"url":"https:\/\/fnchildclaims.ca\/fr\/author\/bbatigneargylepr-com\/"}]}},"_links":{"self":[{"href":"https:\/\/fnchildclaims.ca\/fr\/wp-json\/wp\/v2\/posts\/22941","targetHints":{"allow":["GET"]}}],"collection":[{"href":"https:\/\/fnchildclaims.ca\/fr\/wp-json\/wp\/v2\/posts"}],"about":[{"href":"https:\/\/fnchildclaims.ca\/fr\/wp-json\/wp\/v2\/types\/post"}],"author":[{"embeddable":true,"href":"https:\/\/fnchildclaims.ca\/fr\/wp-json\/wp\/v2\/users\/4"}],"replies":[{"embeddable":true,"href":"https:\/\/fnchildclaims.ca\/fr\/wp-json\/wp\/v2\/comments?post=22941"}],"version-history":[{"count":9,"href":"https:\/\/fnchildclaims.ca\/fr\/wp-json\/wp\/v2\/posts\/22941\/revisions"}],"predecessor-version":[{"id":23137,"href":"https:\/\/fnchildclaims.ca\/fr\/wp-json\/wp\/v2\/posts\/22941\/revisions\/23137"}],"wp:featuredmedia":[{"embeddable":true,"href":"https:\/\/fnchildclaims.ca\/fr\/wp-json\/wp\/v2\/media\/22955"}],"wp:attachment":[{"href":"https:\/\/fnchildclaims.ca\/fr\/wp-json\/wp\/v2\/media?parent=22941"}],"wp:term":[{"taxonomy":"category","embeddable":true,"href":"https:\/\/fnchildclaims.ca\/fr\/wp-json\/wp\/v2\/categories?post=22941"},{"taxonomy":"post_tag","embeddable":true,"href":"https:\/\/fnchildclaims.ca\/fr\/wp-json\/wp\/v2\/tags?post=22941"}],"curies":[{"name":"wp","href":"https:\/\/api.w.org\/{rel}","templated":true}]}}