{"id":22285,"date":"2025-07-21T08:00:15","date_gmt":"2025-07-21T08:00:15","guid":{"rendered":"https:\/\/fnchildclaims.ca\/?p=22285"},"modified":"2025-08-12T12:58:21","modified_gmt":"2025-08-12T12:58:21","slug":"enquete-nationale-resultats","status":"publish","type":"post","link":"https:\/\/fnchildclaims.ca\/fr\/enquete-nationale-resultats\/","title":{"rendered":"Ce que nous avons entendu : Enqu\u00eate nationale sur le r\u00e8glement"},"content":{"rendered":"<div class=\"fusion-fullwidth fullwidth-box fusion-builder-row-1 fusion-flex-container nonhundred-percent-fullwidth non-hundred-percent-height-scrolling\" style=\"--awb-border-radius-top-left:0px;--awb-border-radius-top-right:0px;--awb-border-radius-bottom-right:0px;--awb-border-radius-bottom-left:0px;\" ><div class=\"fusion-builder-row fusion-row fusion-flex-align-items-flex-start\" style=\"max-width:1216.8px;margin-left: calc(-4% \/ 2 );margin-right: calc(-4% \/ 2 );\"><div class=\"fusion-layout-column fusion_builder_column fusion-builder-column-0 fusion_builder_column_1_1 1_1 fusion-flex-column\" style=\"--awb-padding-top:60px;--awb-bg-blend:overlay;--awb-bg-size:cover;--awb-width-large:100%;--awb-margin-top-large:0px;--awb-spacing-right-large:1.92%;--awb-margin-bottom-large:0px;--awb-spacing-left-large:1.92%;--awb-width-medium:100%;--awb-spacing-right-medium:1.92%;--awb-spacing-left-medium:1.92%;--awb-width-small:100%;--awb-spacing-right-small:1.92%;--awb-spacing-left-small:1.92%;\"><div class=\"fusion-column-wrapper fusion-flex-justify-content-flex-start fusion-content-layout-column\"><div class=\"fusion-text fusion-text-1\"><h1 class=\"fusion-responsive-typography-calculated\" style=\"--fontsize: 40; line-height: 1.2; --fontSize: 40;\" data-fontsize=\"40\" data-lineheight=\"48px\"><\/h1>\n<h1 class=\"fusion-responsive-typography-calculated\" style=\"--fontsize: 40; line-height: 1.2; --fontSize: 40;\" data-fontsize=\"40\" data-lineheight=\"48px\"><span class=\"TextRun SCXW33937784 BCX0\" lang=\"FR-CA\" xml:lang=\"FR-CA\" data-contrast=\"none\"><span class=\"NormalTextRun SCXW33937784 BCX0\">Ce que nous avons entendu : Enqu\u00eate nationale sur le r\u00e8glement<\/span><\/span><\/h1>\n<p><strong><br \/>\n21 juillet 2025<\/strong><\/p>\n<p><span class=\"TextRun SCXW24202820 BCX0\" lang=\"FR-CA\" xml:lang=\"FR-CA\" data-contrast=\"none\"><span class=\"NormalTextRun SCXW24202820 BCX0\">De juillet \u00e0 septembre 2024, l\u2019administrateur a recueilli les commentaires <\/span><span class=\"NormalTextRun SCXW24202820 BCX0\">des <\/span><\/span><a href=\"https:\/\/fnchildclaims.ca\/fr\/les-groupes\/\"><span class=\"TextRun Highlight SCXW24202820 BCX0\" lang=\"FR-CA\" xml:lang=\"FR-CA\" data-contrast=\"none\"><span class=\"NormalTextRun SCXW24202820 BCX0\">membres des groupes <\/span><\/span><\/a><span class=\"TextRun SCXW24202820 BCX0\" lang=\"FR-CA\" xml:lang=\"FR-CA\" data-contrast=\"none\"><span class=\"NormalTextRun SCXW24202820 BCX0\">potentiels<\/span> <span class=\"NormalTextRun SCXW24202820 BCX0\">au moyen d\u2019une enqu\u00eate nationale afin de savoir s\u2019ils connaissaient et comprenaient le r\u00e8glement relatif aux services \u00e0 l\u2019enfance et \u00e0 la famille des Premi\u00e8res <\/span><span class=\"NormalTextRun SCXW24202820 BCX0\">N<\/span><span class=\"NormalTextRun SCXW24202820 BCX0\">ations et au principe de Jordan, et de conna\u00eetre les obstacles possibles \u00e0 la participation, le soutien dont ils auraient besoin et leurs pr\u00e9f\u00e9rences en mati\u00e8re de communication.<\/span><\/span><\/p>\n<p><span class=\"TextRun SCXW220856663 BCX0\" lang=\"FR-CA\" xml:lang=\"FR-CA\" data-contrast=\"none\"><span class=\"NormalTextRun SCXW220856663 BCX0\">L\u2019enqu\u00eate a \u00e9t\u00e9 effectu\u00e9e avant la diffusion de communications de grande envergure (p. ex. publicit\u00e9, m\u00e9dias sociaux), <\/span><span class=\"NormalTextRun SCXW220856663 BCX0\">nous permettant ainsi d<\/span><span class=\"NormalTextRun SCXW220856663 BCX0\">&lsquo;\u00e9tablir<\/span> <span class=\"NormalTextRun SCXW220856663 BCX0\">un point de r\u00e9f\u00e9rence <\/span><span class=\"NormalTextRun SCXW220856663 BCX0\">pour la conception des<\/span><span class=\"NormalTextRun SCXW220856663 BCX0\"> communications ult\u00e9rieures.<\/span><\/span><\/p>\n<p><span class=\"TextRun SCXW211290955 BCX0\" lang=\"FR-CA\" xml:lang=\"FR-CA\" data-contrast=\"none\"><span class=\"NormalTextRun SCXW211290955 BCX0\">L\u2019enqu\u00eate a \u00e9t\u00e9 men\u00e9e par <\/span><\/span><a class=\"Hyperlink SCXW211290955 BCX0\" href=\"https:\/\/archipelresearch.com\/2024\/fr\/\" target=\"_blank\" rel=\"noreferrer noopener\"><span class=\"TextRun Highlight Underlined SCXW211290955 BCX0\" lang=\"FR-CA\" xml:lang=\"FR-CA\" data-contrast=\"none\"><span class=\"NormalTextRun SCXW211290955 BCX0\" data-ccp-charstyle=\"Hyperlink\">Archipel Research &amp; Consulting<\/span><\/span><\/a><span class=\"TextRun SCXW211290955 BCX0\" lang=\"FR-CA\" xml:lang=\"FR-CA\" data-contrast=\"none\"><span class=\"NormalTextRun SCXW211290955 BCX0\">, un cabinet de recherche et de conseil ind\u00e9pendant appartenant \u00e0 des autochtones. L\u2019enqu\u00eate a permis de recueillir les points de vue de 2 258 personnes \u00e0 travers le pays, dont 90 % se sont identifi\u00e9es comme <\/span><span class=\"NormalTextRun SCXW211290955 BCX0\">membres des Premi\u00e8res Nations.<\/span><\/span><\/p>\n<p><span class=\"TextRun SCXW217988927 BCX0\" lang=\"FR-CA\" xml:lang=\"FR-CA\" data-contrast=\"none\"><span class=\"NormalTextRun SCXW217988927 BCX0\">Voici les points cl\u00e9s des r\u00e9sultats.<\/span><\/span><\/p>\n<ul>\n<li aria-setsize=\"-1\" data-leveltext=\"\u00b7\" data-font=\"Symbol\" data-listid=\"1\" data-list-defn-props=\"{'335552541':1,'335559685':720,'335559991':360,'469769226':'Symbol','469769242':&#091;8226&#093;,'469777803':'left','469777804':'\u00b7','469777815':'hybridMultilevel'}\" data-aria-posinset=\"1\" data-aria-level=\"1\"><span data-contrast=\"none\">La plupart des r\u00e9pondants ont d\u00e9clar\u00e9 qu\u2019ils avaient une certaine connaissance du r\u00e8glement et qu\u2019ils pensaient \u00eatre admissibles \u00e0 soumettre une r\u00e9clamation, mais ils ont indiqu\u00e9 qu\u2019ils auraient besoin d\u2019aide pour le processus de r\u00e9clamation. Certains ont dit qu\u2019ils obtiendraient probablement de l\u2019aide de membres de leur famille ou de leur communaut\u00e9.<\/span><\/li>\n<\/ul>\n<ul>\n<li aria-setsize=\"-1\" data-leveltext=\"\u00b7\" data-font=\"Symbol\" data-listid=\"1\" data-list-defn-props=\"{'335552541':1,'335559685':720,'335559991':360,'469769226':'Symbol','469769242':&#091;8226&#093;,'469777803':'left','469777804':'\u00b7','469777815':'hybridMultilevel'}\" data-aria-posinset=\"2\" data-aria-level=\"1\"><span data-contrast=\"none\">Les participants ont indiqu\u00e9 qu\u2019ils s\u2019attendaient \u00e0 rencontrer quelques difficult\u00e9s dans le cadre du processus de r\u00e9clamation, notamment pour comprendre les exigences de soumission, trouver et remplir le formulaire de r\u00e9clamation et ne pas disposer de suffisamment de temps pour soumettre une r\u00e9clamation.<\/span><\/li>\n<\/ul>\n<ul>\n<li aria-setsize=\"-1\" data-leveltext=\"\u00b7\" data-font=\"Symbol\" data-listid=\"1\" data-list-defn-props=\"{'335552541':1,'335559685':720,'335559991':360,'469769226':'Symbol','469769242':&#091;8226&#093;,'469777803':'left','469777804':'\u00b7','469777815':'hybridMultilevel'}\" data-aria-posinset=\"3\" data-aria-level=\"1\"><span data-contrast=\"none\">De nombreux participants ont d\u00e9clar\u00e9 qu\u2019ils pr\u00e9f\u00e9raient obtenir des informations sur le r\u00e8glement sur le site Web du r\u00e8glement, suivi par les organisations gouvernementales des Premi\u00e8res Nations et les m\u00e9dias sociaux. Cependant, la majorit\u00e9 a indiqu\u00e9 qu\u2019ils pr\u00e9f\u00e9raient recevoir des informations par courriel.<\/span><\/li>\n<\/ul>\n<p><span class=\"TextRun SCXW255110456 BCX0\" lang=\"FR-CA\" xml:lang=\"FR-CA\" data-contrast=\"none\"><span class=\"NormalTextRun SCXW255110456 BCX0\">Ces r\u00e9sultats <\/span><span class=\"NormalTextRun SCXW255110456 BCX0\">permettent d\u2019<\/span><span class=\"NormalTextRun SCXW255110456 BCX0\">orienter la mani\u00e8re dont <\/span><span class=\"NormalTextRun SCXW255110456 BCX0\">l\u2019administrateur<\/span><span class=\"NormalTextRun SCXW255110456 BCX0\"> partage<\/span><span class=\"NormalTextRun SCXW255110456 BCX0\"> les informations sur le r\u00e8glement et le processus de r\u00e9clamation <\/span><span class=\"NormalTextRun SCXW255110456 BCX0\">dans le but<\/span><span class=\"NormalTextRun SCXW255110456 BCX0\"> de r\u00e9pondre aux besoins des membres du groupe lorsqu\u2019ils soumettent leurs <\/span><span class=\"NormalTextRun SCXW255110456 BCX0\">demandes d\u2019<\/span><span class=\"NormalTextRun SCXW255110456 BCX0\">indemnisation.<\/span><\/span><\/p>\n<\/div><\/div><\/div><\/div><\/div>\n","protected":false},"excerpt":{"rendered":"<p>De juillet \u00e0 septembre 2024, l\u2019administrateur a recueilli les commentaires des membres des groupes potentiels au moyen d\u2019une enqu\u00eate nationale afin de savoir s\u2019ils connaissaient et comprenaient le r\u00e8glement relatif aux services \u00e0 l\u2019enfance et \u00e0 la famille des Premi\u00e8res Nations et au principe de Jordan, et de conna\u00eetre les obstacles possibles \u00e0 la participation, le soutien dont ils auraient besoin et leurs pr\u00e9f\u00e9rences en mati\u00e8re de communication.<\/p>\n","protected":false},"author":4,"featured_media":0,"comment_status":"closed","ping_status":"open","sticky":false,"template":"","format":"standard","meta":{"_acf_changed":false,"inline_featured_image":false,"footnotes":"","_links_to":"","_links_to_target":""},"categories":[80],"tags":[],"class_list":["post-22285","post","type-post","status-publish","format-standard","hentry","category-mise-a-jour"],"acf":[],"yoast_head":"<!-- This site is optimized with the Yoast SEO plugin v27.2 - https:\/\/yoast.com\/product\/yoast-seo-wordpress\/ -->\n<title>Ce que nous avons entendu : Enqu\u00eate nationale sur le r\u00e8glement - First Nations Child and Family Services and Jordan\u2019s Principle Settlement<\/title>\n<meta name=\"description\" content=\"D\u00e9couvrez ce que les membres du groupe ont partag\u00e9 dans l\u2019enqu\u00eate nationale sur le r\u00e8glement au sujet de la sensibilisation, des obstacles, des besoins de soutien et des pr\u00e9f\u00e9rences en mati\u00e8re de communication en ce qui concerne le processus de r\u00e9clamation.\" \/>\n<meta name=\"robots\" content=\"index, follow, max-snippet:-1, max-image-preview:large, max-video-preview:-1\" \/>\n<link rel=\"canonical\" href=\"https:\/\/fnchildclaims.ca\/fr\/enquete-nationale-resultats\/\" \/>\n<meta property=\"og:locale\" content=\"fr_FR\" \/>\n<meta property=\"og:type\" content=\"article\" \/>\n<meta property=\"og:title\" content=\"Ce que nous avons entendu : Enqu\u00eate nationale sur le r\u00e8glement\" \/>\n<meta property=\"og:description\" content=\"D\u00e9couvrez ce que les membres du groupe ont partag\u00e9 dans l\u2019enqu\u00eate nationale sur le r\u00e8glement au sujet de la sensibilisation, des obstacles, des besoins de soutien et des pr\u00e9f\u00e9rences en mati\u00e8re de communication en ce qui concerne le processus de r\u00e9clamation.\" \/>\n<meta property=\"og:url\" content=\"https:\/\/fnchildclaims.ca\/fr\/enquete-nationale-resultats\/\" \/>\n<meta property=\"og:site_name\" content=\"First Nations Child and Family Services and Jordan\u2019s Principle Settlement\" \/>\n<meta property=\"article:published_time\" content=\"2025-07-21T08:00:15+00:00\" \/>\n<meta property=\"article:modified_time\" content=\"2025-08-12T12:58:21+00:00\" \/>\n<meta property=\"og:image\" content=\"https:\/\/fnchildclaims.ca\/wp-content\/uploads\/2025\/01\/Indigenous-Cultural-Context.jpg\" \/>\n\t<meta property=\"og:image:width\" content=\"2000\" \/>\n\t<meta property=\"og:image:height\" content=\"1333\" \/>\n\t<meta property=\"og:image:type\" content=\"image\/jpeg\" \/>\n<meta name=\"author\" content=\"bbatigne@argylepr.com\" \/>\n<meta name=\"twitter:card\" content=\"summary_large_image\" \/>\n<meta name=\"twitter:label1\" content=\"\u00c9crit par\" \/>\n\t<meta name=\"twitter:data1\" content=\"bbatigne@argylepr.com\" \/>\n\t<meta name=\"twitter:label2\" content=\"Dur\u00e9e de lecture estim\u00e9e\" \/>\n\t<meta name=\"twitter:data2\" content=\"2 minutes\" \/>\n<script type=\"application\/ld+json\" class=\"yoast-schema-graph\">{\"@context\":\"https:\/\/schema.org\",\"@graph\":[{\"@type\":\"Article\",\"@id\":\"https:\/\/fnchildclaims.ca\/fr\/enquete-nationale-resultats\/#article\",\"isPartOf\":{\"@id\":\"https:\/\/fnchildclaims.ca\/fr\/enquete-nationale-resultats\/\"},\"author\":{\"name\":\"bbatigne@argylepr.com\",\"@id\":\"https:\/\/fnchildclaims.ca\/#\/schema\/person\/8648f47c9672ddbffdcf4514edb0a994\"},\"headline\":\"Ce que nous avons entendu : Enqu\u00eate nationale sur le r\u00e8glement\",\"datePublished\":\"2025-07-21T08:00:15+00:00\",\"dateModified\":\"2025-08-12T12:58:21+00:00\",\"mainEntityOfPage\":{\"@id\":\"https:\/\/fnchildclaims.ca\/fr\/enquete-nationale-resultats\/\"},\"wordCount\":542,\"articleSection\":[\"Mise \u00e0 jour\"],\"inLanguage\":\"fr-FR\"},{\"@type\":\"WebPage\",\"@id\":\"https:\/\/fnchildclaims.ca\/fr\/enquete-nationale-resultats\/\",\"url\":\"https:\/\/fnchildclaims.ca\/fr\/enquete-nationale-resultats\/\",\"name\":\"Ce que nous avons entendu : Enqu\u00eate nationale sur le r\u00e8glement - First Nations Child and Family Services and Jordan\u2019s Principle Settlement\",\"isPartOf\":{\"@id\":\"https:\/\/fnchildclaims.ca\/#website\"},\"datePublished\":\"2025-07-21T08:00:15+00:00\",\"dateModified\":\"2025-08-12T12:58:21+00:00\",\"author\":{\"@id\":\"https:\/\/fnchildclaims.ca\/#\/schema\/person\/8648f47c9672ddbffdcf4514edb0a994\"},\"description\":\"D\u00e9couvrez ce que les membres du groupe ont partag\u00e9 dans l\u2019enqu\u00eate nationale sur le r\u00e8glement au sujet de la sensibilisation, des obstacles, des besoins de soutien et des pr\u00e9f\u00e9rences en mati\u00e8re de communication en ce qui concerne le processus de r\u00e9clamation.\",\"breadcrumb\":{\"@id\":\"https:\/\/fnchildclaims.ca\/fr\/enquete-nationale-resultats\/#breadcrumb\"},\"inLanguage\":\"fr-FR\",\"potentialAction\":[{\"@type\":\"ReadAction\",\"target\":[\"https:\/\/fnchildclaims.ca\/fr\/enquete-nationale-resultats\/\"]}]},{\"@type\":\"BreadcrumbList\",\"@id\":\"https:\/\/fnchildclaims.ca\/fr\/enquete-nationale-resultats\/#breadcrumb\",\"itemListElement\":[{\"@type\":\"ListItem\",\"position\":1,\"name\":\"Accueil\",\"item\":\"https:\/\/fnchildclaims.ca\/fr\/\"},{\"@type\":\"ListItem\",\"position\":2,\"name\":\"Ce que nous avons entendu : Enqu\u00eate nationale sur le r\u00e8glement\"}]},{\"@type\":\"WebSite\",\"@id\":\"https:\/\/fnchildclaims.ca\/#website\",\"url\":\"https:\/\/fnchildclaims.ca\/\",\"name\":\"First Nations Child and Family Services and Jordan\u2019s Principle Settlement\",\"description\":\"\",\"potentialAction\":[{\"@type\":\"SearchAction\",\"target\":{\"@type\":\"EntryPoint\",\"urlTemplate\":\"https:\/\/fnchildclaims.ca\/?s={search_term_string}\"},\"query-input\":{\"@type\":\"PropertyValueSpecification\",\"valueRequired\":true,\"valueName\":\"search_term_string\"}}],\"inLanguage\":\"fr-FR\"},{\"@type\":\"Person\",\"@id\":\"https:\/\/fnchildclaims.ca\/#\/schema\/person\/8648f47c9672ddbffdcf4514edb0a994\",\"name\":\"bbatigne@argylepr.com\",\"image\":{\"@type\":\"ImageObject\",\"inLanguage\":\"fr-FR\",\"@id\":\"https:\/\/fnchildclaims.ca\/wp-content\/litespeed\/avatar\/c001edcf84e8d1aca11dd2c490e24158.jpg?ver=1777054236\",\"url\":\"https:\/\/fnchildclaims.ca\/wp-content\/litespeed\/avatar\/c001edcf84e8d1aca11dd2c490e24158.jpg?ver=1777054236\",\"contentUrl\":\"https:\/\/fnchildclaims.ca\/wp-content\/litespeed\/avatar\/c001edcf84e8d1aca11dd2c490e24158.jpg?ver=1777054236\",\"caption\":\"bbatigne@argylepr.com\"},\"url\":\"https:\/\/fnchildclaims.ca\/fr\/author\/bbatigneargylepr-com\/\"}]}<\/script>\n<!-- \/ Yoast SEO plugin. -->","yoast_head_json":{"title":"Ce que nous avons entendu : Enqu\u00eate nationale sur le r\u00e8glement - First Nations Child and Family Services and Jordan\u2019s Principle Settlement","description":"D\u00e9couvrez ce que les membres du groupe ont partag\u00e9 dans l\u2019enqu\u00eate nationale sur le r\u00e8glement au sujet de la sensibilisation, des obstacles, des besoins de soutien et des pr\u00e9f\u00e9rences en mati\u00e8re de communication en ce qui concerne le processus de r\u00e9clamation.","robots":{"index":"index","follow":"follow","max-snippet":"max-snippet:-1","max-image-preview":"max-image-preview:large","max-video-preview":"max-video-preview:-1"},"canonical":"https:\/\/fnchildclaims.ca\/fr\/enquete-nationale-resultats\/","og_locale":"fr_FR","og_type":"article","og_title":"Ce que nous avons entendu : Enqu\u00eate nationale sur le r\u00e8glement","og_description":"D\u00e9couvrez ce que les membres du groupe ont partag\u00e9 dans l\u2019enqu\u00eate nationale sur le r\u00e8glement au sujet de la sensibilisation, des obstacles, des besoins de soutien et des pr\u00e9f\u00e9rences en mati\u00e8re de communication en ce qui concerne le processus de r\u00e9clamation.","og_url":"https:\/\/fnchildclaims.ca\/fr\/enquete-nationale-resultats\/","og_site_name":"First Nations Child and Family Services and Jordan\u2019s Principle Settlement","article_published_time":"2025-07-21T08:00:15+00:00","article_modified_time":"2025-08-12T12:58:21+00:00","og_image":[{"width":2000,"height":1333,"url":"https:\/\/fnchildclaims.ca\/wp-content\/uploads\/2025\/01\/Indigenous-Cultural-Context.jpg","type":"image\/jpeg"}],"author":"bbatigne@argylepr.com","twitter_card":"summary_large_image","twitter_misc":{"\u00c9crit par":"bbatigne@argylepr.com","Dur\u00e9e de lecture estim\u00e9e":"2 minutes"},"schema":{"@context":"https:\/\/schema.org","@graph":[{"@type":"Article","@id":"https:\/\/fnchildclaims.ca\/fr\/enquete-nationale-resultats\/#article","isPartOf":{"@id":"https:\/\/fnchildclaims.ca\/fr\/enquete-nationale-resultats\/"},"author":{"name":"bbatigne@argylepr.com","@id":"https:\/\/fnchildclaims.ca\/#\/schema\/person\/8648f47c9672ddbffdcf4514edb0a994"},"headline":"Ce que nous avons entendu : Enqu\u00eate nationale sur le r\u00e8glement","datePublished":"2025-07-21T08:00:15+00:00","dateModified":"2025-08-12T12:58:21+00:00","mainEntityOfPage":{"@id":"https:\/\/fnchildclaims.ca\/fr\/enquete-nationale-resultats\/"},"wordCount":542,"articleSection":["Mise \u00e0 jour"],"inLanguage":"fr-FR"},{"@type":"WebPage","@id":"https:\/\/fnchildclaims.ca\/fr\/enquete-nationale-resultats\/","url":"https:\/\/fnchildclaims.ca\/fr\/enquete-nationale-resultats\/","name":"Ce que nous avons entendu : Enqu\u00eate nationale sur le r\u00e8glement - First Nations Child and Family Services and Jordan\u2019s Principle Settlement","isPartOf":{"@id":"https:\/\/fnchildclaims.ca\/#website"},"datePublished":"2025-07-21T08:00:15+00:00","dateModified":"2025-08-12T12:58:21+00:00","author":{"@id":"https:\/\/fnchildclaims.ca\/#\/schema\/person\/8648f47c9672ddbffdcf4514edb0a994"},"description":"D\u00e9couvrez ce que les membres du groupe ont partag\u00e9 dans l\u2019enqu\u00eate nationale sur le r\u00e8glement au sujet de la sensibilisation, des obstacles, des besoins de soutien et des pr\u00e9f\u00e9rences en mati\u00e8re de communication en ce qui concerne le processus de r\u00e9clamation.","breadcrumb":{"@id":"https:\/\/fnchildclaims.ca\/fr\/enquete-nationale-resultats\/#breadcrumb"},"inLanguage":"fr-FR","potentialAction":[{"@type":"ReadAction","target":["https:\/\/fnchildclaims.ca\/fr\/enquete-nationale-resultats\/"]}]},{"@type":"BreadcrumbList","@id":"https:\/\/fnchildclaims.ca\/fr\/enquete-nationale-resultats\/#breadcrumb","itemListElement":[{"@type":"ListItem","position":1,"name":"Accueil","item":"https:\/\/fnchildclaims.ca\/fr\/"},{"@type":"ListItem","position":2,"name":"Ce que nous avons entendu : Enqu\u00eate nationale sur le r\u00e8glement"}]},{"@type":"WebSite","@id":"https:\/\/fnchildclaims.ca\/#website","url":"https:\/\/fnchildclaims.ca\/","name":"First Nations Child and Family Services and Jordan\u2019s Principle Settlement","description":"","potentialAction":[{"@type":"SearchAction","target":{"@type":"EntryPoint","urlTemplate":"https:\/\/fnchildclaims.ca\/?s={search_term_string}"},"query-input":{"@type":"PropertyValueSpecification","valueRequired":true,"valueName":"search_term_string"}}],"inLanguage":"fr-FR"},{"@type":"Person","@id":"https:\/\/fnchildclaims.ca\/#\/schema\/person\/8648f47c9672ddbffdcf4514edb0a994","name":"bbatigne@argylepr.com","image":{"@type":"ImageObject","inLanguage":"fr-FR","@id":"https:\/\/fnchildclaims.ca\/wp-content\/litespeed\/avatar\/c001edcf84e8d1aca11dd2c490e24158.jpg?ver=1777054236","url":"https:\/\/fnchildclaims.ca\/wp-content\/litespeed\/avatar\/c001edcf84e8d1aca11dd2c490e24158.jpg?ver=1777054236","contentUrl":"https:\/\/fnchildclaims.ca\/wp-content\/litespeed\/avatar\/c001edcf84e8d1aca11dd2c490e24158.jpg?ver=1777054236","caption":"bbatigne@argylepr.com"},"url":"https:\/\/fnchildclaims.ca\/fr\/author\/bbatigneargylepr-com\/"}]}},"_links":{"self":[{"href":"https:\/\/fnchildclaims.ca\/fr\/wp-json\/wp\/v2\/posts\/22285","targetHints":{"allow":["GET"]}}],"collection":[{"href":"https:\/\/fnchildclaims.ca\/fr\/wp-json\/wp\/v2\/posts"}],"about":[{"href":"https:\/\/fnchildclaims.ca\/fr\/wp-json\/wp\/v2\/types\/post"}],"author":[{"embeddable":true,"href":"https:\/\/fnchildclaims.ca\/fr\/wp-json\/wp\/v2\/users\/4"}],"replies":[{"embeddable":true,"href":"https:\/\/fnchildclaims.ca\/fr\/wp-json\/wp\/v2\/comments?post=22285"}],"version-history":[{"count":6,"href":"https:\/\/fnchildclaims.ca\/fr\/wp-json\/wp\/v2\/posts\/22285\/revisions"}],"predecessor-version":[{"id":22663,"href":"https:\/\/fnchildclaims.ca\/fr\/wp-json\/wp\/v2\/posts\/22285\/revisions\/22663"}],"wp:attachment":[{"href":"https:\/\/fnchildclaims.ca\/fr\/wp-json\/wp\/v2\/media?parent=22285"}],"wp:term":[{"taxonomy":"category","embeddable":true,"href":"https:\/\/fnchildclaims.ca\/fr\/wp-json\/wp\/v2\/categories?post=22285"},{"taxonomy":"post_tag","embeddable":true,"href":"https:\/\/fnchildclaims.ca\/fr\/wp-json\/wp\/v2\/tags?post=22285"}],"curies":[{"name":"wp","href":"https:\/\/api.w.org\/{rel}","templated":true}]}}