{"id":15475,"date":"2024-07-04T08:30:11","date_gmt":"2024-07-04T08:30:11","guid":{"rendered":"https:\/\/fnchildclaims.ca\/lancement-dune-enquete-nationale-pour-recueillir-lavis-des-membres-des-recours-collectifs\/"},"modified":"2025-07-07T14:59:07","modified_gmt":"2025-07-07T14:59:07","slug":"lancement-dune-enquete-nationale-pour-recueillir-lavis-des-membres-des-recours-collectifs","status":"publish","type":"post","link":"https:\/\/fnchildclaims.ca\/fr\/lancement-dune-enquete-nationale-pour-recueillir-lavis-des-membres-des-recours-collectifs\/","title":{"rendered":"Lancement d&rsquo;une enqu\u00eate nationale pour recueillir l&rsquo;avis des membres des recours collectifs"},"content":{"rendered":"<p><div class=\"fusion-fullwidth fullwidth-box fusion-builder-row-1 fusion-flex-container has-pattern-background has-mask-background nonhundred-percent-fullwidth non-hundred-percent-height-scrolling\" style=\"--awb-border-radius-top-left:0px;--awb-border-radius-top-right:0px;--awb-border-radius-bottom-right:0px;--awb-border-radius-bottom-left:0px;--awb-padding-bottom:20px;\" ><div class=\"fusion-builder-row fusion-row fusion-flex-align-items-flex-start\" style=\"max-width:1216.8px;margin-left: calc(-4% \/ 2 );margin-right: calc(-4% \/ 2 );\"><div class=\"fusion-layout-column fusion_builder_column fusion-builder-column-0 fusion_builder_column_1_1 1_1 fusion-flex-column\" style=\"--awb-bg-size:cover;--awb-width-large:100%;--awb-margin-top-large:0px;--awb-spacing-right-large:1.92%;--awb-margin-bottom-large:0px;--awb-spacing-left-large:1.92%;--awb-width-medium:100%;--awb-order-medium:0;--awb-spacing-right-medium:1.92%;--awb-spacing-left-medium:1.92%;--awb-width-small:100%;--awb-order-small:0;--awb-spacing-right-small:1.92%;--awb-spacing-left-small:1.92%;\"><div class=\"fusion-column-wrapper fusion-column-has-shadow fusion-flex-justify-content-flex-start fusion-content-layout-column\"><div class=\"fusion-title title fusion-title-1 fusion-sep-none fusion-title-text fusion-title-size-two\" style=\"--awb-margin-top:10px;--awb-margin-bottom:10px;\"><h2 class=\"title-heading-left fusion-responsive-typography-calculated\" style=\"margin:0;text-transform:none;--fontSize:50;line-height:1.4;\">Lancement d&rsquo;une enqu\u00eate nationale pour recueillir l&rsquo;avis des membres des recours collectifs<\/h2><\/div><div class=\"fusion-separator fusion-full-width-sep\" style=\"align-self: center;margin-left: auto;margin-right: auto;margin-top:20px;width:100%;\"><\/div><\/div><\/div><\/div><\/div><div class=\"fusion-fullwidth fullwidth-box fusion-builder-row-2 fusion-flex-container has-pattern-background has-mask-background nonhundred-percent-fullwidth non-hundred-percent-height-scrolling\" style=\"--awb-border-radius-top-left:0px;--awb-border-radius-top-right:0px;--awb-border-radius-bottom-right:0px;--awb-border-radius-bottom-left:0px;--awb-padding-top:20px;--awb-padding-right:5px;--awb-padding-bottom:0px;--awb-padding-left:5px;--awb-background-color:#fbf5cb;\" ><div class=\"fusion-builder-row fusion-row fusion-flex-align-items-flex-start\" style=\"max-width:1216.8px;margin-left: calc(-4% \/ 2 );margin-right: calc(-4% \/ 2 );\"><div class=\"fusion-layout-column fusion_builder_column fusion-builder-column-1 fusion_builder_column_1_1 1_1 fusion-flex-column\" style=\"--awb-bg-size:cover;--awb-width-large:100%;--awb-margin-top-large:0px;--awb-spacing-right-large:1.92%;--awb-margin-bottom-large:0px;--awb-spacing-left-large:1.92%;--awb-width-medium:100%;--awb-order-medium:0;--awb-spacing-right-medium:1.92%;--awb-spacing-left-medium:1.92%;--awb-width-small:100%;--awb-order-small:0;--awb-spacing-right-small:1.92%;--awb-spacing-left-small:1.92%;\" data-motion-effects=\"[{&quot;type&quot;:&quot;&quot;,&quot;scroll_type&quot;:&quot;transition&quot;,&quot;scroll_direction&quot;:&quot;up&quot;,&quot;transition_speed&quot;:&quot;1&quot;,&quot;fade_type&quot;:&quot;in&quot;,&quot;scale_type&quot;:&quot;up&quot;,&quot;initial_scale&quot;:&quot;1&quot;,&quot;max_scale&quot;:&quot;1.5&quot;,&quot;min_scale&quot;:&quot;0.5&quot;,&quot;initial_rotate&quot;:&quot;0&quot;,&quot;end_rotate&quot;:&quot;30&quot;,&quot;initial_blur&quot;:&quot;0&quot;,&quot;end_blur&quot;:&quot;3&quot;,&quot;start_element&quot;:&quot;top&quot;,&quot;start_viewport&quot;:&quot;bottom&quot;,&quot;end_element&quot;:&quot;bottom&quot;,&quot;end_viewport&quot;:&quot;top&quot;,&quot;mouse_effect&quot;:&quot;track&quot;,&quot;mouse_effect_direction&quot;:&quot;opposite&quot;,&quot;mouse_effect_speed&quot;:&quot;2&quot;,&quot;infinite_animation&quot;:&quot;float&quot;,&quot;infinite_animation_speed&quot;:&quot;2&quot;}]\" data-scroll-devices=\"small-visibility,medium-visibility,large-visibility\"><div class=\"fusion-column-wrapper fusion-column-has-shadow fusion-flex-justify-content-flex-start fusion-content-layout-column\"><div class=\"fusion-text fusion-text-1\"><p><strong><span class=\"TextRun Highlight SCXW242267710 BCX0\" lang=\"EN-CA\" xml:lang=\"EN-CA\" data-contrast=\"auto\"><span class=\"NormalTextRun ContextualSpellingAndGrammarErrorV2Themed SCXW242267710 BCX0\">Le 4 juillet<\/span><span class=\"NormalTextRun SCXW242267710 BCX0\"> 2024<\/span><\/span> <\/strong><\/p>\n<\/div><\/div><\/div><\/div><\/div><div class=\"fusion-fullwidth fullwidth-box fusion-builder-row-3 fusion-flex-container has-pattern-background has-mask-background nonhundred-percent-fullwidth non-hundred-percent-height-scrolling\" style=\"--awb-border-radius-top-left:0px;--awb-border-radius-top-right:0px;--awb-border-radius-bottom-right:0px;--awb-border-radius-bottom-left:0px;--awb-margin-top:20px;\" ><div class=\"fusion-builder-row fusion-row fusion-flex-align-items-flex-start\" style=\"max-width:1216.8px;margin-left: calc(-4% \/ 2 );margin-right: calc(-4% \/ 2 );\"><div class=\"fusion-layout-column fusion_builder_column fusion-builder-column-2 fusion_builder_column_1_1 1_1 fusion-flex-column\" style=\"--awb-padding-right:10px;--awb-padding-left:10px;--awb-bg-size:cover;--awb-width-large:100%;--awb-margin-top-large:0px;--awb-spacing-right-large:1.92%;--awb-margin-bottom-large:0px;--awb-spacing-left-large:1.92%;--awb-width-medium:100%;--awb-order-medium:0;--awb-spacing-right-medium:1.92%;--awb-spacing-left-medium:1.92%;--awb-width-small:100%;--awb-order-small:0;--awb-spacing-right-small:1.92%;--awb-spacing-left-small:1.92%;\" data-motion-effects=\"[{&quot;type&quot;:&quot;&quot;,&quot;scroll_type&quot;:&quot;transition&quot;,&quot;scroll_direction&quot;:&quot;up&quot;,&quot;transition_speed&quot;:&quot;1&quot;,&quot;fade_type&quot;:&quot;in&quot;,&quot;scale_type&quot;:&quot;up&quot;,&quot;initial_scale&quot;:&quot;1&quot;,&quot;max_scale&quot;:&quot;1.5&quot;,&quot;min_scale&quot;:&quot;0.5&quot;,&quot;initial_rotate&quot;:&quot;0&quot;,&quot;end_rotate&quot;:&quot;30&quot;,&quot;initial_blur&quot;:&quot;0&quot;,&quot;end_blur&quot;:&quot;3&quot;,&quot;start_element&quot;:&quot;top&quot;,&quot;start_viewport&quot;:&quot;bottom&quot;,&quot;end_element&quot;:&quot;bottom&quot;,&quot;end_viewport&quot;:&quot;top&quot;,&quot;mouse_effect&quot;:&quot;track&quot;,&quot;mouse_effect_direction&quot;:&quot;opposite&quot;,&quot;mouse_effect_speed&quot;:&quot;2&quot;,&quot;infinite_animation&quot;:&quot;float&quot;,&quot;infinite_animation_speed&quot;:&quot;2&quot;}]\" data-scroll-devices=\"small-visibility,medium-visibility,large-visibility\"><div class=\"fusion-column-wrapper fusion-column-has-shadow fusion-flex-justify-content-flex-start fusion-content-layout-column\"><div class=\"fusion-title title fusion-title-2 fusion-sep-none fusion-title-text fusion-title-size-one\" style=\"--awb-font-size:26px;\"><h1 class=\"title-heading-left fusion-responsive-typography-calculated\" style=\"margin:0;font-size:1em;text-transform:none;--fontSize:26;line-height:1.23;\"><h2>Lancement d&rsquo;une enqu\u00eate nationale pour recueillir l&rsquo;avis des membres des recours collectifs<\/h2><\/h1><\/div><div class=\"fusion-text fusion-text-2\"><p><span data-contrast=\"none\">L\u2019administrateur recueille actuellement les commentaires des<\/span> <span data-contrast=\"none\"><a href=\"https:\/\/fnchildclaims.ca\/fr\/les-groupes\/\">membres de groupe<\/a><\/span> <span data-contrast=\"none\">\u00e0 travers une enqu\u00eate nationale afin de comprendre ce que es membres du groupe savent du r\u00e8glement et des ressources et soutiens mis \u00e0 leur disposition, et d\u2019en savoir plus sur la fa\u00e7on dont ils souhaiteraient recevoir des informations.<\/span><\/p>\n<p><span data-contrast=\"none\">L&rsquo;enqu\u00eate est men\u00e9e par Archipel Research &amp; Consulting, une soci\u00e9t\u00e9 de recherche et de conseil ind\u00e9pendante appartenant \u00e0 des autochtones. Il permettra de mesurer et d&rsquo;\u00e9valuer les efforts de communication requis par le plan d&rsquo;action approuv\u00e9 par la Cour. <\/span><a href=\"https:\/\/fnchildclaims.ca\/wp-content\/uploads\/2023\/11\/Phase-2-Notice-Plan-Order.pdf\"><span data-contrast=\"none\">Plan de notification<\/span><\/a><span data-contrast=\"none\"> afin de s&rsquo;assurer que la communication sur le r\u00e8glement et le processus de r\u00e9clamation soit claire et r\u00e9ponde aux besoins de tous les membres du groupe.<\/span><\/p>\n<p><span data-contrast=\"none\">Nous invitons tous les membres du groupe \u00e0 nous faire part de leurs commentaires en r\u00e9pondant \u00e0 une enqu\u00eate en ligne<\/span><span data-contrast=\"none\">.<\/span><\/p>\n<\/div><div style=\"text-align:center;\"><a class=\"fusion-button button-flat button-medium button-default fusion-button-default button-1 fusion-button-default-span fusion-button-default-type\" style=\"--button_text_transform:uppercase;--button_margin-top:10px;\" target=\"_blank\" rel=\"noopener noreferrer\" href=\"https:\/\/interceptum.com\/si\/fr\/8094033\"><span class=\"fusion-button-text\">Cliquez sur le bouton de l\u2019enqu\u00eate<\/span><\/a><\/div><div class=\"fusion-separator fusion-full-width-sep\" style=\"align-self: center;margin-left: auto;margin-right: auto;margin-top:30px;width:100%;\"><\/div><div class=\"fusion-text fusion-text-3\"><p><span data-contrast=\"none\">Les r\u00e9sultats de l\u2019enqu\u00eate nous aideront \u00e0 mieux communiquer sur le r\u00e8glement et le processus de r\u00e9clamation. <\/span><\/p>\n<p><span data-contrast=\"none\">La participation est volontaire, confidentielle et n\u2019affectera pas votre capacit\u00e9 \u00e0 soumettre une r\u00e9clamation \u00e0 l\u2019ouverture de la p\u00e9riode de r\u00e9clamation. <\/span><\/p>\n<p><span data-contrast=\"none\">En plus de l&rsquo;enqu\u00eate en ligne, les membres du groupe peuvent \u00eatre contact\u00e9s directement par Archipel Research &amp; Consulting pour donner leur avis. Archipel Recherche et Consultation travaillera \u00e9galement avec des organisations \u00e0 travers le Canada pour communiquer avec les membres du groupe en personne. <\/span><\/p>\n<p><span data-contrast=\"none\">Veuillez noter qu&rsquo;Archipel Research &amp; Consulting ne vous demandera pas d&rsquo;informations personnelles, telles que votre adresse \u00e9lectronique ou votre nom, dans le cadre de l&rsquo;enqu\u00eate.<\/span><\/p>\n<p><span data-contrast=\"none\">Si vous \u00eates contact\u00e9(e) au sujet de l&rsquo;enqu\u00eate et que vous n&rsquo;\u00eates pas s\u00fbr(e) de sa l\u00e9gitimit\u00e9, veuillez appeler l&rsquo;administrateur au <strong><a href=\"tel:18338520755\">1-833-852-0755<\/a><\/strong><\/span><span data-contrast=\"none\"> pour confirmer. <\/span><\/p>\n<\/div><div class=\"fusion-title title fusion-title-3 fusion-sep-none fusion-title-text fusion-title-size-one\" style=\"--awb-font-size:26px;\"><h1 class=\"title-heading-left fusion-responsive-typography-calculated\" style=\"margin:0;font-size:1em;text-transform:none;--fontSize:26;line-height:1.23;\"><h2>Questions fr\u00e9quemment pos\u00e9es<\/h2><\/h1><\/div><div class=\"fusion-text fusion-text-4\"><style id=\"ea_dynamic_css15125\">#sp-ea-15125 .spcollapsing{height: 0; overflow: hidden; transition-property: height; transition-duration: 350ms;}#sp-ea-15125.sp-easy-accordion>.sp-ea-single.eap_inactive>.ea-header a {background-color: #bb0000 !important; color: #fff !important;}#poststuff .eap_section_title_15125,.post-type-sp_easy_accordion .eap_section_title_15125,.eap_section_title_15125{color: #444444; font-size: 28px; line-height: 32px; text-align: left; letter-spacing: 0px; text-transform: none; margin-bottom: 30px; padding:0px;}#sp-ea-15125.sp-easy-accordion>.sp-ea-single{ margin-bottom: 10px; border: 1px solid #e2e2e2; border-radius: 3px;}#sp-ea-15125.sp-easy-accordion>.sp-ea-single.ea-expand{ border-color: #e2e2e2;}#sp-ea-15125.sp-easy-accordion>.sp-ea-single:hover{ border-color: #bfbfbf;}#sp-ea-15125.sp-easy-accordion>.sp-ea-single>.ea-header a {background: #eee;}#sp-ea-15125.sp-easy-accordion>.sp-ea-single.ea-expand>.ea-header a {background: #eee;}#sp-ea-15125.sp-easy-accordion>.sp-ea-single>.ea-header:hover a {background: #eee;}#sp-ea-15125.sp-easy-accordion>.sp-ea-single>.ea-header a .eap-title-icon { color: #444;font-size: 20px;} #sp-ea-15125.sp-easy-accordion>.sp-ea-single>.ea-header a .eap-title-custom-icon {max-width: 20px;}#sp-ea-15125.sp-easy-accordion>.sp-ea-single>.ea-header:hover a .eap-title-icon {color: #444;}#sp-ea-15125.sp-easy-accordion>.sp-ea-single.ea-expand>.ea-header a .eap-title-icon {color: #444;}#sp-ea-15125.sp-easy-accordion>.sp-ea-single>.ea-header a {padding: 15px 15px 15px 15px; color: #444; font-size: 20px; line-height: 30px; text-align: left; letter-spacing: 0px; text-transform: none;}#sp-ea-15125.sp-easy-accordion>.sp-ea-single>.ea-header:hover a {color: #444;}#sp-ea-15125.sp-easy-accordion>.sp-ea-single.ea-expand>.ea-header a {color: #444;}#sp-ea-15125.sp-easy-accordion>.sp-ea-single>.sp-collapse>.ea-body p,#sp-ea-15125.sp-easy-accordion>.sp-ea-single>.sp-collapse>.ea-body{background: #fff; padding: 15px 15px 15px 15px; border-radius: 0 0 3px 3px; color: #444; font-size: 16px; text-align: left; letter-spacing: 0px; line-height: 26px; animation-delay: 200ms; text-transform: none;}#sp-ea-15125.sp-easy-accordion>.sp-ea-single>.ea-header a .ea-expand-icon.fa:before {color: #444; font-size: 16px; font-style: normal;}#sp-ea-15125.sp-easy-accordion>.sp-ea-single>.ea-header:hover a .ea-expand-icon.fa:before {color: #444;}#sp-ea-15125.sp-easy-accordion>.sp-ea-single.ea-expand>.ea-header a .ea-expand-icon.fa:before {color: #444;}#sp-ea-15125.sp-easy-accordion>.sp-ea-single{border-radius: 3px; border: 1px solid #e2e2e2;}#sp-ea-15125.sp-easy-accordion>.sp-ea-single>.sp-collapse>.ea-body{border-radius: 0 0 3px 3px; border: none;}#sp-ea-15125.sp-easy-accordion>.sp-ea-single>.ea-header a .ea-expand-icon.fa {float: left; margin-right: 10px;}#sp-ea-15125 #eap_faq_search_bar_container {display:none; opacity:0;}#sp-ea-15125 #eap_faq_search_bar_container span::before{content:\"\";}#sp-ea-15125.sp-easy-accordion>.sp-ea-single>.sp-collapse>.ea-body p{ padding:0px}#sp-eap-accordion-section-15125.sp-eap-container .sp-eap-infinite-scroll-loader,#sp-eap-accordion-section-15125.sp-eap-container div:is(.sp-eap-load-more,.sp-eap-ajax-number-pagination){text-align:center;}#sp-ea-15125>.sp-ea-single>.sp-collapse>.ea-body .eap-product-price {color: #444;}#sp-ea-15125.sp-easy-accordion>.sp-ea-single>.sp-collapse>.ea-body .eap-product-price del{color: rgba(68,68,68,0.71);}#sp-ea-15125.sp-easy-accordion>.sp-ea-single>.sp-collapse>.ea-body .eap-product-cart-button .woocommerce a { border: 1px solid #DAD6DA;border-radius: 2px;background-color: transparent;color: #444;}#sp-ea-15125.sp-easy-accordion>.sp-ea-single>.sp-collapse>.ea-body .eap-product-cart-button .woocommerce a:hover { border-color: #444;background-color: #444;color: #fff;}#sp-ea-15125.sp-easy-accordion>.sp-ea-single>>.sp-collapse>.ea-body .eap-product-cart-button .eap-product-quantity .eap_input_text {border: 1px solid #DAD6DA;}#sp-ea-15125.sp-easy-accordion>.sp-ea-single>.sp-collapse>.ea-body .eap-product-cart-button a.add_to_cart_button{position: relative;}<\/style><div id=\"sp-eap-accordion-section-15125\" class=\"sp-eap-container\"><h2 class=\"eap_section_title_15125\"> Foire aux questions <\/h2><div id=\"sp-ea-15125\" class=\"sp-ea-one sp-easy-accordion \" data-ex-icon=\"ea-font-icon-minus_regular\" data-col-icon=\"ea-font-icon-plus_regular\" data-ea-active=\"ea-click\" data-ea-mode=\"vertical\" data-ea-multi-column=\"\" data-ea-coll=\"\" data-keep-accordion=\"\" data-autoclose=\"\" data-preloader=\"\" data-scroll-active-item=\"\" data-offset-to-scroll=\"0\" data-autoplaytime=\"3000\" data-expand=\"\" data-post-id=\"15125\" >\t<div class=\"ea-card ea-expand sp-ea-single\"  data-accordion-id= \"0\">\n\n\t\t<h3 class=\"ea-header\">\n\t\t\t<a class=\"collapsed\" data-sptoggle=\"spcollapse\" rel=\"nofollow\" data-sptarget=\"#collapse151250\" href=\"#\" data-title=\"efaq-pourquoi-ladministrateur-interroge-t-il-les-membres-du-groupe\" aria-expanded=\"true\">\n\t\t\t\t<i class=\"ea-expand-icon fa ea-font-icon-minus_regular\"><\/i>  Pourquoi l\u2019administrateur interroge-t-il les membres du groupe?\t\t\t<\/a>\n\t\t<\/h3>\n\n\t\t<div class=\"sp-collapse spcollapse collapsed show\" id=\"collapse151250\" data-parent=\"#sp-ea-15125\">\n\t\t<div class=\"ea-body\"> \n<div class=\"ea-content-wrapper animated fadeIn\"> \n\t<span class=\"TextRun SCXW217753475 BCX0\" lang=\"FR-CA\" xml:lang=\"FR-CA\" data-contrast=\"auto\"><span class=\"NormalTextRun SCXW217753475 BCX0\">L<\/span><span class=\"NormalTextRun SCXW217753475 BCX0\">\u2019a<\/span><span class=\"NormalTextRun SCXW217753475 BCX0\">dministrateur recueille les commentaires des membres du groupe <\/span><span class=\"NormalTextRun SCXW217753475 BCX0\">\u00e0 travers <\/span><span class=\"NormalTextRun SCXW217753475 BCX0\">une enqu\u00eate nationale afin de comprendre ce que <\/span><span class=\"NormalTextRun SCXW217753475 BCX0\">les <\/span><span class=\"NormalTextRun SpellingErrorV2Themed SCXW217753475 BCX0\">membres<\/span><span class=\"NormalTextRun SCXW217753475 BCX0\"> du groupe savent<\/span> <span class=\"NormalTextRun SCXW217753475 BCX0\">du<\/span><span class=\"NormalTextRun SCXW217753475 BCX0\"> r\u00e8glement et des ressources et soutiens mis \u00e0 leur disposition, et d<\/span><span class=\"NormalTextRun SCXW217753475 BCX0\">\u2019<\/span><span class=\"NormalTextRun SCXW217753475 BCX0\">en savoir plus sur la mani\u00e8re dont ils souhaiteraient recevoir des informations.\u00a0<\/span><\/span><span class=\"EOP SCXW217753475 BCX0\" data-ccp-props=\"{&quot;201341983&quot;:0,&quot;335559685&quot;:709,&quot;335559740&quot;:360}\">\u00a0<\/span><\/div>\n<\/div>\n\t\t\t<\/div>\n\t<\/div>\n\t\t<div class=\"ea-card ea-expand sp-ea-single\"  data-accordion-id= \"1\">\n\n\t\t<h3 class=\"ea-header\">\n\t\t\t<a class=\"collapsed\" data-sptoggle=\"spcollapse\" rel=\"nofollow\" data-sptarget=\"#collapse151251\" href=\"#\" data-title=\"efaq-comment-les-informations-recueillies-dans-le-cadre-de-lenquete-seront-elles-utilisees\" aria-expanded=\"true\">\n\t\t\t\t<i class=\"ea-expand-icon fa ea-font-icon-minus_regular\"><\/i>  Comment les informations recueillies dans le cadre de l'enqu\u00eate seront-elles utilis\u00e9es?\t\t\t<\/a>\n\t\t<\/h3>\n\n\t\t<div class=\"sp-collapse spcollapse collapsed show\" id=\"collapse151251\" data-parent=\"#sp-ea-15125\">\n\t\t<div class=\"ea-body\"> \n<div class=\"ea-content-wrapper animated fadeIn\"> \n\t<span class=\"TextRun SCXW118835435 BCX0\" lang=\"EN-CA\" xml:lang=\"EN-CA\" data-contrast=\"auto\"><span class=\"NormalTextRun SCXW118835435 BCX0\">Les <\/span><span class=\"NormalTextRun SpellingErrorV2Themed SCXW118835435 BCX0\">r\u00e9sultats<\/span><span class=\"NormalTextRun SCXW118835435 BCX0\"> de <\/span><span class=\"NormalTextRun SpellingErrorV2Themed SCXW118835435 BCX0\">l'enqu\u00eate<\/span> <span class=\"NormalTextRun SpellingErrorV2Themed SCXW118835435 BCX0\">seront<\/span> <span class=\"NormalTextRun SpellingErrorV2Themed SCXW118835435 BCX0\">utilis\u00e9s<\/span><span class=\"NormalTextRun SCXW118835435 BCX0\"> pour <\/span><span class=\"NormalTextRun SpellingErrorV2Themed SCXW118835435 BCX0\">s'assurer<\/span><span class=\"NormalTextRun SCXW118835435 BCX0\"> que la communication sur le <\/span><span class=\"NormalTextRun SpellingErrorV2Themed SCXW118835435 BCX0\">r\u00e8glement<\/span><span class=\"NormalTextRun SCXW118835435 BCX0\"> et le processus de <\/span><span class=\"NormalTextRun SpellingErrorV2Themed SCXW118835435 BCX0\">r\u00e9clamation<\/span> <span class=\"NormalTextRun SpellingErrorV2Themed SCXW118835435 BCX0\">est<\/span> <span class=\"NormalTextRun SpellingErrorV2Themed SCXW118835435 BCX0\">claire<\/span><span class=\"NormalTextRun SCXW118835435 BCX0\">, <\/span><span class=\"NormalTextRun SpellingErrorV2Themed SpellingErrorHighlight SCXW118835435 BCX0\">qu'elle<\/span> <span class=\"NormalTextRun SpellingErrorV2Themed SCXW118835435 BCX0\">r\u00e9pond<\/span><span class=\"NormalTextRun SCXW118835435 BCX0\"> aux exigences du plan de notification <\/span><span class=\"NormalTextRun SpellingErrorV2Themed SCXW118835435 BCX0\">approuv\u00e9<\/span><span class=\"NormalTextRun SCXW118835435 BCX0\"> par le tribunal et <\/span><span class=\"NormalTextRun SpellingErrorV2Themed SCXW118835435 BCX0\">qu'elle<\/span> <span class=\"NormalTextRun SpellingErrorV2Themed SCXW118835435 BCX0\">r\u00e9pond<\/span><span class=\"NormalTextRun SCXW118835435 BCX0\"> aux <\/span><span class=\"NormalTextRun SpellingErrorV2Themed SCXW118835435 BCX0\">besoins<\/span><span class=\"NormalTextRun SCXW118835435 BCX0\"> de <\/span><span class=\"NormalTextRun SpellingErrorV2Themed SCXW118835435 BCX0\">tous<\/span><span class=\"NormalTextRun SCXW118835435 BCX0\"> les <\/span><span class=\"NormalTextRun SpellingErrorV2Themed SCXW118835435 BCX0\">membres<\/span><span class=\"NormalTextRun SCXW118835435 BCX0\"> du <\/span><span class=\"NormalTextRun SpellingErrorV2Themed SCXW118835435 BCX0\">groupe<\/span><span class=\"NormalTextRun SCXW118835435 BCX0\">.<\/span><\/span><span class=\"EOP SCXW118835435 BCX0\" data-ccp-props=\"{&quot;201341983&quot;:0,&quot;335559740&quot;:360}\">\u00a0<\/span><\/div>\n<\/div>\n\t\t\t<\/div>\n\t<\/div>\n\t\t<div class=\"ea-card ea-expand sp-ea-single\"  data-accordion-id= \"2\">\n\n\t\t<h3 class=\"ea-header\">\n\t\t\t<a class=\"collapsed\" data-sptoggle=\"spcollapse\" rel=\"nofollow\" data-sptarget=\"#collapse151252\" href=\"#\" data-title=\"efaq-qui-peut-participer-a-lenquete\" aria-expanded=\"true\">\n\t\t\t\t<i class=\"ea-expand-icon fa ea-font-icon-minus_regular\"><\/i>  Qui peut participer \u00e0 l\u2019enqu\u00eate?\t\t\t<\/a>\n\t\t<\/h3>\n\n\t\t<div class=\"sp-collapse spcollapse collapsed show\" id=\"collapse151252\" data-parent=\"#sp-ea-15125\">\n\t\t<div class=\"ea-body\"> \n<div class=\"ea-content-wrapper animated fadeIn\"> \n\t<span data-contrast=\"auto\">L\u2019enqu\u00eate est ouverte \u00e0 tous les membres du groupe \u00e0 travers le pays.<\/span><span data-ccp-props=\"{&quot;201341983&quot;:0,&quot;335559685&quot;:709,&quot;335559740&quot;:360}\">\u00a0<\/span>\r\n\r\n<span data-contrast=\"auto\">Les membres du groupe peuvent r\u00e9pondre \u00e0 l'enqu\u00eate en ligne : <a href=\"https:\/\/interceptum.com\/si\/fr\/8094033?code=20dfd8df8a-feae-4afa-94480\">lien vers l'enqu\u00eate<\/a><\/span><span data-ccp-props=\"{&quot;201341983&quot;:0,&quot;335559685&quot;:709,&quot;335559740&quot;:360}\">\u00a0<\/span><\/div>\n<\/div>\n\t\t\t<\/div>\n\t<\/div>\n\t\t<div class=\"ea-card ea-expand sp-ea-single\"  data-accordion-id= \"3\">\n\n\t\t<h3 class=\"ea-header\">\n\t\t\t<a class=\"collapsed\" data-sptoggle=\"spcollapse\" rel=\"nofollow\" data-sptarget=\"#collapse151253\" href=\"#\" data-title=\"efaq-qui-realise-lenquete\" aria-expanded=\"true\">\n\t\t\t\t<i class=\"ea-expand-icon fa ea-font-icon-minus_regular\"><\/i>  Qui r\u00e9alise l\u2019enqu\u00eate?\t\t\t<\/a>\n\t\t<\/h3>\n\n\t\t<div class=\"sp-collapse spcollapse collapsed show\" id=\"collapse151253\" data-parent=\"#sp-ea-15125\">\n\t\t<div class=\"ea-body\"> \n<div class=\"ea-content-wrapper animated fadeIn\"> \n\t<span class=\"TextRun SCXW242426249 BCX0\" lang=\"FR-CA\" xml:lang=\"FR-CA\" data-contrast=\"auto\"><span class=\"NormalTextRun SCXW242426249 BCX0\">L<\/span><span class=\"NormalTextRun SCXW242426249 BCX0\">\u2019<\/span><span class=\"NormalTextRun SCXW242426249 BCX0\">enqu\u00eate est men\u00e9e par Archipel <\/span><span class=\"NormalTextRun SpellingErrorV2Themed SCXW242426249 BCX0\">Research<\/span><span class=\"NormalTextRun SCXW242426249 BCX0\"> &amp; Consulting, une soci\u00e9t\u00e9 de recherche et de conseil ind\u00e9pendante appartenant \u00e0 des autochtones.<\/span><\/span><span class=\"EOP SCXW242426249 BCX0\" data-ccp-props=\"{&quot;201341983&quot;:0,&quot;335559685&quot;:709,&quot;335559740&quot;:360}\">\u00a0<\/span><\/div>\n<\/div>\n\t\t\t<\/div>\n\t<\/div>\n\t\t<div class=\"ea-card ea-expand sp-ea-single\"  data-accordion-id= \"4\">\n\n\t\t<h3 class=\"ea-header\">\n\t\t\t<a class=\"collapsed\" data-sptoggle=\"spcollapse\" rel=\"nofollow\" data-sptarget=\"#collapse151254\" href=\"#\" data-title=\"efaq-pourquoi-archipel-research-consulting-a-t-il-ete-choisi-pour-mener-lenquete\" aria-expanded=\"true\">\n\t\t\t\t<i class=\"ea-expand-icon fa ea-font-icon-minus_regular\"><\/i>  Pourquoi Archipel Research &amp; Consulting a-t-il \u00e9t\u00e9 choisi pour mener l\u2019enqu\u00eate?\t\t\t<\/a>\n\t\t<\/h3>\n\n\t\t<div class=\"sp-collapse spcollapse collapsed show\" id=\"collapse151254\" data-parent=\"#sp-ea-15125\">\n\t\t<div class=\"ea-body\"> \n<div class=\"ea-content-wrapper animated fadeIn\"> \n\t<span class=\"TextRun SCXW51559515 BCX0\" lang=\"FR-CA\" xml:lang=\"FR-CA\" data-contrast=\"auto\"><span class=\"NormalTextRun SCXW51559515 BCX0\">L<\/span><span class=\"NormalTextRun SCXW51559515 BCX0\">\u2019<\/span><span class=\"NormalTextRun SCXW51559515 BCX0\">engagement d<\/span><span class=\"NormalTextRun SCXW51559515 BCX0\">\u2019<\/span><span class=\"NormalTextRun SCXW51559515 BCX0\">Archipel en faveur des principes autochtones et antiracistes, ainsi que son \u00e9quipe diversifi\u00e9e et exp\u00e9riment\u00e9e, en font une soci\u00e9t\u00e9 bien plac\u00e9e pour comprendre les perspectives uniques des membres du <\/span><span class=\"NormalTextRun SCXW51559515 BCX0\">groupe<\/span><span class=\"NormalTextRun SCXW51559515 BCX0\">. Ses m\u00e9thodes d<\/span><span class=\"NormalTextRun SCXW51559515 BCX0\">\u2019<\/span><span class=\"NormalTextRun SCXW51559515 BCX0\">enqu\u00eate garantissent que le sondage est effectu\u00e9 d<\/span><span class=\"NormalTextRun SCXW51559515 BCX0\">\u2019<\/span><span class=\"NormalTextRun SCXW51559515 BCX0\">une mani\u00e8re confidentielle, sensible \u00e0 la culture et tenant compte des traumatismes, qui respecte les divers <\/span><span class=\"NormalTextRun SCXW51559515 BCX0\">milieux<\/span><span class=\"NormalTextRun SCXW51559515 BCX0\"> et besoins des membres du groupe et qui prot\u00e8ge les renseignements personnels et la vie priv\u00e9e des r\u00e9pondants.<\/span><\/span><span class=\"EOP SCXW51559515 BCX0\" data-ccp-props=\"{&quot;201341983&quot;:0,&quot;335559685&quot;:709,&quot;335559740&quot;:360}\">\u00a0<\/span><\/div>\n<\/div>\n\t\t\t<\/div>\n\t<\/div>\n\t\t<div class=\"ea-card ea-expand sp-ea-single\"  data-accordion-id= \"5\">\n\n\t\t<h3 class=\"ea-header\">\n\t\t\t<a class=\"collapsed\" data-sptoggle=\"spcollapse\" rel=\"nofollow\" data-sptarget=\"#collapse151255\" href=\"#\" data-title=\"efaq-mes-reponses-a-lenquete-seront-elles-anonymes\" aria-expanded=\"true\">\n\t\t\t\t<i class=\"ea-expand-icon fa ea-font-icon-minus_regular\"><\/i>  Mes r\u00e9ponses \u00e0 l\u2019enqu\u00eate seront-elles anonymes?\t\t\t<\/a>\n\t\t<\/h3>\n\n\t\t<div class=\"sp-collapse spcollapse collapsed show\" id=\"collapse151255\" data-parent=\"#sp-ea-15125\">\n\t\t<div class=\"ea-body\"> \n<div class=\"ea-content-wrapper animated fadeIn\"> \n\t<span class=\"TextRun SCXW160864561 BCX0\" lang=\"FR-CA\" xml:lang=\"FR-CA\" data-contrast=\"auto\"><span class=\"NormalTextRun SCXW160864561 BCX0\">Oui<\/span><span class=\"NormalTextRun SCXW160864561 BCX0\">, <\/span><span class=\"NormalTextRun SCXW160864561 BCX0\">l<\/span><span class=\"NormalTextRun SCXW160864561 BCX0\">\u2019<\/span><span class=\"NormalTextRun SCXW160864561 BCX0\">objectif est de recueillir des tendances g\u00e9n\u00e9rales et des commentaires sans identifier les participants individuels. Archipel <\/span><span class=\"NormalTextRun SpellingErrorV2Themed SCXW160864561 BCX0\">Research<\/span><span class=\"NormalTextRun SCXW160864561 BCX0\"> &amp; Consulting utilise des protocoles de confidentialit\u00e9 stricts et ne vous demandera pas d<\/span><span class=\"NormalTextRun SCXW160864561 BCX0\">\u2019<\/span><span class=\"NormalTextRun SCXW160864561 BCX0\">informations personnelles, telles que votre adresse \u00e9lectronique ou votre nom, pour l<\/span><span class=\"NormalTextRun SCXW160864561 BCX0\">\u2019<\/span><span class=\"NormalTextRun SCXW160864561 BCX0\">enqu\u00eate. En outre, toutes les donn\u00e9es collect\u00e9es sont anonymes, ce qui signifie <\/span><span class=\"NormalTextRun SpellingErrorV2Themed SCXW160864561 BCX0\">qu<\/span><span class=\"NormalTextRun SCXW160864561 BCX0\">\u2019<\/span><span class=\"NormalTextRun SCXW160864561 BCX0\">aucun identifiant personnel n<\/span><span class=\"NormalTextRun SCXW160864561 BCX0\">\u2019<\/span><span class=\"NormalTextRun SCXW160864561 BCX0\">est attach\u00e9 \u00e0 vos r\u00e9ponses.<\/span><\/span><span class=\"EOP SCXW160864561 BCX0\" data-ccp-props=\"{&quot;201341983&quot;:0,&quot;335559685&quot;:709,&quot;335559740&quot;:360}\">\u00a0<\/span><\/div>\n<\/div>\n\t\t\t<\/div>\n\t<\/div>\n\t<\/div><\/div>\n<\/div><div style=\"text-align:center;\"><a class=\"fusion-button button-flat button-medium button-default fusion-button-default button-2 fusion-button-default-span fusion-button-default-type\" style=\"--button_text_transform:uppercase;--button_margin-top:10px;\" target=\"_blank\" rel=\"noopener noreferrer\" href=\"https:\/\/interceptum.com\/si\/fr\/8094033\"><span class=\"fusion-button-text\">Cliquez sur le bouton de l\u2019enqu\u00eate<\/span><\/a><\/div><div class=\"fusion-separator fusion-full-width-sep\" style=\"align-self: center;margin-left: auto;margin-right: auto;margin-top:30px;width:100%;\"><\/div><div class=\"fusion-social-links fusion-social-links-1\" style=\"--awb-margin-top:0px;--awb-margin-right:0px;--awb-margin-bottom:0px;--awb-margin-left:0px;--awb-box-border-top:0px;--awb-box-border-right:0px;--awb-box-border-bottom:0px;--awb-box-border-left:0px;--awb-icon-colors-hover:hsla(var(--awb-color6-h),var(--awb-color6-s),var(--awb-color6-l),calc(var(--awb-color6-a) - 15%));--awb-box-colors-hover:hsla(var(--awb-color2-h),var(--awb-color2-s),var(--awb-color2-l),calc(var(--awb-color2-a) - 12%));--awb-box-border-color:var(--awb-color3);--awb-box-border-color-hover:var(--awb-color4);\"><div class=\"fusion-social-networks color-type-custom\"><div class=\"fusion-social-networks-wrapper\"><\/div><\/div><\/div><\/div><\/div><\/div><\/div><\/p>\n","protected":false},"excerpt":{"rendered":"<p>L&rsquo;administrateur recueille actuellement les commentaires des membres de groupe \u00e0 travers une enqu\u00eate nationale afin de comprendre ce que es membres du groupe savent du r\u00e8glement et des ressources et soutiens mis \u00e0 leur disposition, et d\u2019en savoir plus sur la fa\u00e7on dont ils souhaiteraint recevoir des informations.<\/p>\n","protected":false},"author":8,"featured_media":2059,"comment_status":"closed","ping_status":"open","sticky":false,"template":"","format":"standard","meta":{"_acf_changed":false,"inline_featured_image":false,"footnotes":"","_links_to":"","_links_to_target":""},"categories":[17,80],"tags":[],"class_list":["post-15475","post","type-post","status-publish","format-standard","has-post-thumbnail","hentry","category-non-classifiee","category-mise-a-jour"],"acf":[],"yoast_head":"<!-- This site is optimized with the Yoast SEO plugin v27.2 - https:\/\/yoast.com\/product\/yoast-seo-wordpress\/ -->\n<title>Lancement d&#039;une enqu\u00eate nationale pour recueillir l&#039;avis des membres des recours collectifs - First Nations Child and Family Services and Jordan\u2019s Principle Settlement<\/title>\n<meta name=\"robots\" content=\"index, follow, max-snippet:-1, max-image-preview:large, max-video-preview:-1\" \/>\n<link rel=\"canonical\" href=\"https:\/\/fnchildclaims.ca\/fr\/lancement-dune-enquete-nationale-pour-recueillir-lavis-des-membres-des-recours-collectifs\/\" \/>\n<meta property=\"og:locale\" content=\"fr_FR\" \/>\n<meta property=\"og:type\" content=\"article\" \/>\n<meta property=\"og:title\" content=\"Lancement d&#039;une enqu\u00eate nationale pour recueillir l&#039;avis des membres des recours collectifs - First Nations Child and Family Services and Jordan\u2019s Principle Settlement\" \/>\n<meta property=\"og:description\" content=\"L&#039;administrateur recueille actuellement les commentaires des membres de groupe \u00e0 travers une enqu\u00eate nationale afin de comprendre ce que es membres du groupe savent du r\u00e8glement et des ressources et soutiens mis \u00e0 leur disposition, et d\u2019en savoir plus sur la fa\u00e7on dont ils souhaiteraint recevoir des informations.\" \/>\n<meta property=\"og:url\" content=\"https:\/\/fnchildclaims.ca\/fr\/lancement-dune-enquete-nationale-pour-recueillir-lavis-des-membres-des-recours-collectifs\/\" \/>\n<meta property=\"og:site_name\" content=\"First Nations Child and Family Services and Jordan\u2019s Principle Settlement\" \/>\n<meta property=\"article:published_time\" content=\"2024-07-04T08:30:11+00:00\" \/>\n<meta property=\"article:modified_time\" content=\"2025-07-07T14:59:07+00:00\" \/>\n<meta property=\"og:image\" content=\"https:\/\/fnchildclaims.ca\/wp-content\/uploads\/2023\/01\/photo-1503431153573-96e959f4d9b7-scaled.jpeg\" \/>\n\t<meta property=\"og:image:width\" content=\"2560\" \/>\n\t<meta property=\"og:image:height\" content=\"1920\" \/>\n\t<meta property=\"og:image:type\" content=\"image\/jpeg\" \/>\n<meta name=\"author\" content=\"PhilC\" \/>\n<meta name=\"twitter:card\" content=\"summary_large_image\" \/>\n<meta name=\"twitter:label1\" content=\"\u00c9crit par\" \/>\n\t<meta name=\"twitter:data1\" content=\"PhilC\" \/>\n\t<meta name=\"twitter:label2\" content=\"Dur\u00e9e de lecture estim\u00e9e\" \/>\n\t<meta name=\"twitter:data2\" content=\"9 minutes\" \/>\n<script type=\"application\/ld+json\" class=\"yoast-schema-graph\">{\"@context\":\"https:\/\/schema.org\",\"@graph\":[{\"@type\":\"Article\",\"@id\":\"https:\/\/fnchildclaims.ca\/fr\/lancement-dune-enquete-nationale-pour-recueillir-lavis-des-membres-des-recours-collectifs\/#article\",\"isPartOf\":{\"@id\":\"https:\/\/fnchildclaims.ca\/fr\/lancement-dune-enquete-nationale-pour-recueillir-lavis-des-membres-des-recours-collectifs\/\"},\"author\":{\"name\":\"PhilC\",\"@id\":\"https:\/\/fnchildclaims.ca\/#\/schema\/person\/6ccfb183d9ff326eed76c3975109e326\"},\"headline\":\"Lancement d&rsquo;une enqu\u00eate nationale pour recueillir l&rsquo;avis des membres des recours collectifs\",\"datePublished\":\"2024-07-04T08:30:11+00:00\",\"dateModified\":\"2025-07-07T14:59:07+00:00\",\"mainEntityOfPage\":{\"@id\":\"https:\/\/fnchildclaims.ca\/fr\/lancement-dune-enquete-nationale-pour-recueillir-lavis-des-membres-des-recours-collectifs\/\"},\"wordCount\":4705,\"image\":{\"@id\":\"https:\/\/fnchildclaims.ca\/fr\/lancement-dune-enquete-nationale-pour-recueillir-lavis-des-membres-des-recours-collectifs\/#primaryimage\"},\"thumbnailUrl\":\"https:\/\/fnchildclaims.ca\/wp-content\/uploads\/2023\/01\/photo-1503431153573-96e959f4d9b7-scaled.jpeg\",\"articleSection\":[\"Non classifi\u00e9(e)\",\"Mise \u00e0 jour\"],\"inLanguage\":\"fr-FR\"},{\"@type\":\"WebPage\",\"@id\":\"https:\/\/fnchildclaims.ca\/fr\/lancement-dune-enquete-nationale-pour-recueillir-lavis-des-membres-des-recours-collectifs\/\",\"url\":\"https:\/\/fnchildclaims.ca\/fr\/lancement-dune-enquete-nationale-pour-recueillir-lavis-des-membres-des-recours-collectifs\/\",\"name\":\"Lancement d'une enqu\u00eate nationale pour recueillir l'avis des membres des recours collectifs - First Nations Child and Family Services and Jordan\u2019s Principle Settlement\",\"isPartOf\":{\"@id\":\"https:\/\/fnchildclaims.ca\/#website\"},\"primaryImageOfPage\":{\"@id\":\"https:\/\/fnchildclaims.ca\/fr\/lancement-dune-enquete-nationale-pour-recueillir-lavis-des-membres-des-recours-collectifs\/#primaryimage\"},\"image\":{\"@id\":\"https:\/\/fnchildclaims.ca\/fr\/lancement-dune-enquete-nationale-pour-recueillir-lavis-des-membres-des-recours-collectifs\/#primaryimage\"},\"thumbnailUrl\":\"https:\/\/fnchildclaims.ca\/wp-content\/uploads\/2023\/01\/photo-1503431153573-96e959f4d9b7-scaled.jpeg\",\"datePublished\":\"2024-07-04T08:30:11+00:00\",\"dateModified\":\"2025-07-07T14:59:07+00:00\",\"author\":{\"@id\":\"https:\/\/fnchildclaims.ca\/#\/schema\/person\/6ccfb183d9ff326eed76c3975109e326\"},\"breadcrumb\":{\"@id\":\"https:\/\/fnchildclaims.ca\/fr\/lancement-dune-enquete-nationale-pour-recueillir-lavis-des-membres-des-recours-collectifs\/#breadcrumb\"},\"inLanguage\":\"fr-FR\",\"potentialAction\":[{\"@type\":\"ReadAction\",\"target\":[\"https:\/\/fnchildclaims.ca\/fr\/lancement-dune-enquete-nationale-pour-recueillir-lavis-des-membres-des-recours-collectifs\/\"]}]},{\"@type\":\"ImageObject\",\"inLanguage\":\"fr-FR\",\"@id\":\"https:\/\/fnchildclaims.ca\/fr\/lancement-dune-enquete-nationale-pour-recueillir-lavis-des-membres-des-recours-collectifs\/#primaryimage\",\"url\":\"https:\/\/fnchildclaims.ca\/wp-content\/uploads\/2023\/01\/photo-1503431153573-96e959f4d9b7-scaled.jpeg\",\"contentUrl\":\"https:\/\/fnchildclaims.ca\/wp-content\/uploads\/2023\/01\/photo-1503431153573-96e959f4d9b7-scaled.jpeg\",\"width\":2560,\"height\":1920,\"caption\":\"Famille autochtone marchant en plein air\"},{\"@type\":\"BreadcrumbList\",\"@id\":\"https:\/\/fnchildclaims.ca\/fr\/lancement-dune-enquete-nationale-pour-recueillir-lavis-des-membres-des-recours-collectifs\/#breadcrumb\",\"itemListElement\":[{\"@type\":\"ListItem\",\"position\":1,\"name\":\"Accueil\",\"item\":\"https:\/\/fnchildclaims.ca\/fr\/\"},{\"@type\":\"ListItem\",\"position\":2,\"name\":\"Lancement d&#8217;une enqu\u00eate nationale pour recueillir l&#8217;avis des membres des recours collectifs\"}]},{\"@type\":\"WebSite\",\"@id\":\"https:\/\/fnchildclaims.ca\/#website\",\"url\":\"https:\/\/fnchildclaims.ca\/\",\"name\":\"First Nations Child and Family Services and Jordan\u2019s Principle Settlement\",\"description\":\"\",\"potentialAction\":[{\"@type\":\"SearchAction\",\"target\":{\"@type\":\"EntryPoint\",\"urlTemplate\":\"https:\/\/fnchildclaims.ca\/?s={search_term_string}\"},\"query-input\":{\"@type\":\"PropertyValueSpecification\",\"valueRequired\":true,\"valueName\":\"search_term_string\"}}],\"inLanguage\":\"fr-FR\"},{\"@type\":\"Person\",\"@id\":\"https:\/\/fnchildclaims.ca\/#\/schema\/person\/6ccfb183d9ff326eed76c3975109e326\",\"name\":\"PhilC\",\"image\":{\"@type\":\"ImageObject\",\"inLanguage\":\"fr-FR\",\"@id\":\"https:\/\/fnchildclaims.ca\/wp-content\/litespeed\/avatar\/1ef848c39a95ac1a48bf225f578f1504.jpg?ver=1777061824\",\"url\":\"https:\/\/fnchildclaims.ca\/wp-content\/litespeed\/avatar\/1ef848c39a95ac1a48bf225f578f1504.jpg?ver=1777061824\",\"contentUrl\":\"https:\/\/fnchildclaims.ca\/wp-content\/litespeed\/avatar\/1ef848c39a95ac1a48bf225f578f1504.jpg?ver=1777061824\",\"caption\":\"PhilC\"},\"url\":\"https:\/\/fnchildclaims.ca\/fr\/author\/philc\/\"}]}<\/script>\n<!-- \/ Yoast SEO plugin. -->","yoast_head_json":{"title":"Lancement d'une enqu\u00eate nationale pour recueillir l'avis des membres des recours collectifs - First Nations Child and Family Services and Jordan\u2019s Principle Settlement","robots":{"index":"index","follow":"follow","max-snippet":"max-snippet:-1","max-image-preview":"max-image-preview:large","max-video-preview":"max-video-preview:-1"},"canonical":"https:\/\/fnchildclaims.ca\/fr\/lancement-dune-enquete-nationale-pour-recueillir-lavis-des-membres-des-recours-collectifs\/","og_locale":"fr_FR","og_type":"article","og_title":"Lancement d'une enqu\u00eate nationale pour recueillir l'avis des membres des recours collectifs - First Nations Child and Family Services and Jordan\u2019s Principle Settlement","og_description":"L'administrateur recueille actuellement les commentaires des membres de groupe \u00e0 travers une enqu\u00eate nationale afin de comprendre ce que es membres du groupe savent du r\u00e8glement et des ressources et soutiens mis \u00e0 leur disposition, et d\u2019en savoir plus sur la fa\u00e7on dont ils souhaiteraint recevoir des informations.","og_url":"https:\/\/fnchildclaims.ca\/fr\/lancement-dune-enquete-nationale-pour-recueillir-lavis-des-membres-des-recours-collectifs\/","og_site_name":"First Nations Child and Family Services and Jordan\u2019s Principle Settlement","article_published_time":"2024-07-04T08:30:11+00:00","article_modified_time":"2025-07-07T14:59:07+00:00","og_image":[{"width":2560,"height":1920,"url":"https:\/\/fnchildclaims.ca\/wp-content\/uploads\/2023\/01\/photo-1503431153573-96e959f4d9b7-scaled.jpeg","type":"image\/jpeg"}],"author":"PhilC","twitter_card":"summary_large_image","twitter_misc":{"\u00c9crit par":"PhilC","Dur\u00e9e de lecture estim\u00e9e":"9 minutes"},"schema":{"@context":"https:\/\/schema.org","@graph":[{"@type":"Article","@id":"https:\/\/fnchildclaims.ca\/fr\/lancement-dune-enquete-nationale-pour-recueillir-lavis-des-membres-des-recours-collectifs\/#article","isPartOf":{"@id":"https:\/\/fnchildclaims.ca\/fr\/lancement-dune-enquete-nationale-pour-recueillir-lavis-des-membres-des-recours-collectifs\/"},"author":{"name":"PhilC","@id":"https:\/\/fnchildclaims.ca\/#\/schema\/person\/6ccfb183d9ff326eed76c3975109e326"},"headline":"Lancement d&rsquo;une enqu\u00eate nationale pour recueillir l&rsquo;avis des membres des recours collectifs","datePublished":"2024-07-04T08:30:11+00:00","dateModified":"2025-07-07T14:59:07+00:00","mainEntityOfPage":{"@id":"https:\/\/fnchildclaims.ca\/fr\/lancement-dune-enquete-nationale-pour-recueillir-lavis-des-membres-des-recours-collectifs\/"},"wordCount":4705,"image":{"@id":"https:\/\/fnchildclaims.ca\/fr\/lancement-dune-enquete-nationale-pour-recueillir-lavis-des-membres-des-recours-collectifs\/#primaryimage"},"thumbnailUrl":"https:\/\/fnchildclaims.ca\/wp-content\/uploads\/2023\/01\/photo-1503431153573-96e959f4d9b7-scaled.jpeg","articleSection":["Non classifi\u00e9(e)","Mise \u00e0 jour"],"inLanguage":"fr-FR"},{"@type":"WebPage","@id":"https:\/\/fnchildclaims.ca\/fr\/lancement-dune-enquete-nationale-pour-recueillir-lavis-des-membres-des-recours-collectifs\/","url":"https:\/\/fnchildclaims.ca\/fr\/lancement-dune-enquete-nationale-pour-recueillir-lavis-des-membres-des-recours-collectifs\/","name":"Lancement d'une enqu\u00eate nationale pour recueillir l'avis des membres des recours collectifs - First Nations Child and Family Services and Jordan\u2019s Principle Settlement","isPartOf":{"@id":"https:\/\/fnchildclaims.ca\/#website"},"primaryImageOfPage":{"@id":"https:\/\/fnchildclaims.ca\/fr\/lancement-dune-enquete-nationale-pour-recueillir-lavis-des-membres-des-recours-collectifs\/#primaryimage"},"image":{"@id":"https:\/\/fnchildclaims.ca\/fr\/lancement-dune-enquete-nationale-pour-recueillir-lavis-des-membres-des-recours-collectifs\/#primaryimage"},"thumbnailUrl":"https:\/\/fnchildclaims.ca\/wp-content\/uploads\/2023\/01\/photo-1503431153573-96e959f4d9b7-scaled.jpeg","datePublished":"2024-07-04T08:30:11+00:00","dateModified":"2025-07-07T14:59:07+00:00","author":{"@id":"https:\/\/fnchildclaims.ca\/#\/schema\/person\/6ccfb183d9ff326eed76c3975109e326"},"breadcrumb":{"@id":"https:\/\/fnchildclaims.ca\/fr\/lancement-dune-enquete-nationale-pour-recueillir-lavis-des-membres-des-recours-collectifs\/#breadcrumb"},"inLanguage":"fr-FR","potentialAction":[{"@type":"ReadAction","target":["https:\/\/fnchildclaims.ca\/fr\/lancement-dune-enquete-nationale-pour-recueillir-lavis-des-membres-des-recours-collectifs\/"]}]},{"@type":"ImageObject","inLanguage":"fr-FR","@id":"https:\/\/fnchildclaims.ca\/fr\/lancement-dune-enquete-nationale-pour-recueillir-lavis-des-membres-des-recours-collectifs\/#primaryimage","url":"https:\/\/fnchildclaims.ca\/wp-content\/uploads\/2023\/01\/photo-1503431153573-96e959f4d9b7-scaled.jpeg","contentUrl":"https:\/\/fnchildclaims.ca\/wp-content\/uploads\/2023\/01\/photo-1503431153573-96e959f4d9b7-scaled.jpeg","width":2560,"height":1920,"caption":"Famille autochtone marchant en plein air"},{"@type":"BreadcrumbList","@id":"https:\/\/fnchildclaims.ca\/fr\/lancement-dune-enquete-nationale-pour-recueillir-lavis-des-membres-des-recours-collectifs\/#breadcrumb","itemListElement":[{"@type":"ListItem","position":1,"name":"Accueil","item":"https:\/\/fnchildclaims.ca\/fr\/"},{"@type":"ListItem","position":2,"name":"Lancement d&#8217;une enqu\u00eate nationale pour recueillir l&#8217;avis des membres des recours collectifs"}]},{"@type":"WebSite","@id":"https:\/\/fnchildclaims.ca\/#website","url":"https:\/\/fnchildclaims.ca\/","name":"First Nations Child and Family Services and Jordan\u2019s Principle Settlement","description":"","potentialAction":[{"@type":"SearchAction","target":{"@type":"EntryPoint","urlTemplate":"https:\/\/fnchildclaims.ca\/?s={search_term_string}"},"query-input":{"@type":"PropertyValueSpecification","valueRequired":true,"valueName":"search_term_string"}}],"inLanguage":"fr-FR"},{"@type":"Person","@id":"https:\/\/fnchildclaims.ca\/#\/schema\/person\/6ccfb183d9ff326eed76c3975109e326","name":"PhilC","image":{"@type":"ImageObject","inLanguage":"fr-FR","@id":"https:\/\/fnchildclaims.ca\/wp-content\/litespeed\/avatar\/1ef848c39a95ac1a48bf225f578f1504.jpg?ver=1777061824","url":"https:\/\/fnchildclaims.ca\/wp-content\/litespeed\/avatar\/1ef848c39a95ac1a48bf225f578f1504.jpg?ver=1777061824","contentUrl":"https:\/\/fnchildclaims.ca\/wp-content\/litespeed\/avatar\/1ef848c39a95ac1a48bf225f578f1504.jpg?ver=1777061824","caption":"PhilC"},"url":"https:\/\/fnchildclaims.ca\/fr\/author\/philc\/"}]}},"_links":{"self":[{"href":"https:\/\/fnchildclaims.ca\/fr\/wp-json\/wp\/v2\/posts\/15475","targetHints":{"allow":["GET"]}}],"collection":[{"href":"https:\/\/fnchildclaims.ca\/fr\/wp-json\/wp\/v2\/posts"}],"about":[{"href":"https:\/\/fnchildclaims.ca\/fr\/wp-json\/wp\/v2\/types\/post"}],"author":[{"embeddable":true,"href":"https:\/\/fnchildclaims.ca\/fr\/wp-json\/wp\/v2\/users\/8"}],"replies":[{"embeddable":true,"href":"https:\/\/fnchildclaims.ca\/fr\/wp-json\/wp\/v2\/comments?post=15475"}],"version-history":[{"count":3,"href":"https:\/\/fnchildclaims.ca\/fr\/wp-json\/wp\/v2\/posts\/15475\/revisions"}],"predecessor-version":[{"id":15479,"href":"https:\/\/fnchildclaims.ca\/fr\/wp-json\/wp\/v2\/posts\/15475\/revisions\/15479"}],"wp:featuredmedia":[{"embeddable":true,"href":"https:\/\/fnchildclaims.ca\/fr\/wp-json\/wp\/v2\/media\/2059"}],"wp:attachment":[{"href":"https:\/\/fnchildclaims.ca\/fr\/wp-json\/wp\/v2\/media?parent=15475"}],"wp:term":[{"taxonomy":"category","embeddable":true,"href":"https:\/\/fnchildclaims.ca\/fr\/wp-json\/wp\/v2\/categories?post=15475"},{"taxonomy":"post_tag","embeddable":true,"href":"https:\/\/fnchildclaims.ca\/fr\/wp-json\/wp\/v2\/tags?post=15475"}],"curies":[{"name":"wp","href":"https:\/\/api.w.org\/{rel}","templated":true}]}}