{"id":14278,"date":"2024-11-12T23:16:12","date_gmt":"2024-11-12T23:16:12","guid":{"rendered":"https:\/\/fnchildclaims.ca\/mise-a-jour-de-la-reforme-a-long-terme\/"},"modified":"2025-02-11T22:35:51","modified_gmt":"2025-02-11T22:35:51","slug":"mise-a-jour-de-la-reforme-a-long-terme","status":"publish","type":"post","link":"https:\/\/fnchildclaims.ca\/fr\/mise-a-jour-de-la-reforme-a-long-terme\/","title":{"rendered":"Mise \u00e0 jour de la r\u00e9forme \u00e0 long terme"},"content":{"rendered":"<p><div class=\"fusion-fullwidth fullwidth-box fusion-builder-row-1 fusion-flex-container has-pattern-background has-mask-background nonhundred-percent-fullwidth non-hundred-percent-height-scrolling\" style=\"--awb-border-radius-top-left:0px;--awb-border-radius-top-right:0px;--awb-border-radius-bottom-right:0px;--awb-border-radius-bottom-left:0px;--awb-padding-bottom:20px;\" ><div class=\"fusion-builder-row fusion-row fusion-flex-align-items-flex-start\" style=\"max-width:1216.8px;margin-left: calc(-4% \/ 2 );margin-right: calc(-4% \/ 2 );\"><div class=\"fusion-layout-column fusion_builder_column fusion-builder-column-0 fusion_builder_column_1_1 1_1 fusion-flex-column\" style=\"--awb-bg-size:cover;--awb-width-large:100%;--awb-margin-top-large:0px;--awb-spacing-right-large:1.92%;--awb-margin-bottom-large:0px;--awb-spacing-left-large:1.92%;--awb-width-medium:100%;--awb-order-medium:0;--awb-spacing-right-medium:1.92%;--awb-spacing-left-medium:1.92%;--awb-width-small:100%;--awb-order-small:0;--awb-spacing-right-small:1.92%;--awb-spacing-left-small:1.92%;\"><div class=\"fusion-column-wrapper fusion-column-has-shadow fusion-flex-justify-content-flex-start fusion-content-layout-column\"><div class=\"fusion-title title fusion-title-1 fusion-sep-none fusion-title-text fusion-title-size-two\" style=\"--awb-margin-top:10px;--awb-margin-bottom:10px;\"><h2 class=\"title-heading-left fusion-responsive-typography-calculated\" style=\"margin:0;text-transform:none;--fontSize:50;line-height:1.4;\">Mise \u00e0 jour de la r\u00e9forme \u00e0 long terme<\/h2><\/div><div class=\"fusion-separator fusion-full-width-sep\" style=\"align-self: center;margin-left: auto;margin-right: auto;width:100%;\"><\/div><\/div><\/div><\/div><\/div><div class=\"fusion-fullwidth fullwidth-box fusion-builder-row-2 fusion-flex-container has-pattern-background has-mask-background nonhundred-percent-fullwidth non-hundred-percent-height-scrolling\" style=\"--awb-border-sizes-top:0px;--awb-border-sizes-bottom:0px;--awb-border-sizes-left:0px;--awb-border-sizes-right:0px;--awb-border-radius-top-left:0px;--awb-border-radius-top-right:0px;--awb-border-radius-bottom-right:0px;--awb-border-radius-bottom-left:0px;--awb-margin-top:20px;--awb-background-color:#fbf5cb;\" ><div class=\"fusion-builder-row fusion-row fusion-flex-align-items-flex-start\" style=\"max-width:1216.8px;margin-left: calc(-4% \/ 2 );margin-right: calc(-4% \/ 2 );\"><div class=\"fusion-layout-column fusion_builder_column fusion-builder-column-1 fusion_builder_column_1_1 1_1 fusion-flex-column\" style=\"--awb-padding-top:20px;--awb-padding-right:10%;--awb-padding-left:10px;--awb-bg-size:cover;--awb-width-large:100%;--awb-margin-top-large:0px;--awb-spacing-right-large:1.92%;--awb-margin-bottom-large:0px;--awb-spacing-left-large:1.92%;--awb-width-medium:100%;--awb-order-medium:0;--awb-spacing-right-medium:1.92%;--awb-spacing-left-medium:1.92%;--awb-width-small:100%;--awb-order-small:0;--awb-spacing-right-small:1.92%;--awb-spacing-left-small:1.92%;\" data-motion-effects=\"[{&quot;type&quot;:&quot;&quot;,&quot;scroll_type&quot;:&quot;transition&quot;,&quot;scroll_direction&quot;:&quot;up&quot;,&quot;transition_speed&quot;:&quot;1&quot;,&quot;fade_type&quot;:&quot;in&quot;,&quot;scale_type&quot;:&quot;up&quot;,&quot;initial_scale&quot;:&quot;1&quot;,&quot;max_scale&quot;:&quot;1.5&quot;,&quot;min_scale&quot;:&quot;0.5&quot;,&quot;initial_rotate&quot;:&quot;0&quot;,&quot;end_rotate&quot;:&quot;30&quot;,&quot;initial_blur&quot;:&quot;0&quot;,&quot;end_blur&quot;:&quot;3&quot;,&quot;start_element&quot;:&quot;top&quot;,&quot;start_viewport&quot;:&quot;bottom&quot;,&quot;end_element&quot;:&quot;bottom&quot;,&quot;end_viewport&quot;:&quot;top&quot;,&quot;mouse_effect&quot;:&quot;track&quot;,&quot;mouse_effect_direction&quot;:&quot;opposite&quot;,&quot;mouse_effect_speed&quot;:&quot;2&quot;,&quot;infinite_animation&quot;:&quot;float&quot;,&quot;infinite_animation_speed&quot;:&quot;2&quot;}]\" data-scroll-devices=\"small-visibility,medium-visibility,large-visibility\"><div class=\"fusion-column-wrapper fusion-column-has-shadow fusion-flex-justify-content-flex-start fusion-content-layout-column\"><div class=\"fusion-text fusion-text-1\"><p><b>12 novembre 2024<\/b><\/p>\n<\/div><\/div><\/div><\/div><\/div><div class=\"fusion-fullwidth fullwidth-box fusion-builder-row-3 fusion-flex-container has-pattern-background has-mask-background nonhundred-percent-fullwidth non-hundred-percent-height-scrolling\" style=\"--awb-border-radius-top-left:0px;--awb-border-radius-top-right:0px;--awb-border-radius-bottom-right:0px;--awb-border-radius-bottom-left:0px;--awb-background-color:var(--awb-color1);\" ><div class=\"fusion-builder-row fusion-row fusion-flex-align-items-flex-start\" style=\"max-width:1216.8px;margin-left: calc(-4% \/ 2 );margin-right: calc(-4% \/ 2 );\"><div class=\"fusion-layout-column fusion_builder_column fusion-builder-column-2 fusion_builder_column_1_1 1_1 fusion-flex-column\" style=\"--awb-padding-right:10px;--awb-padding-left:10px;--awb-bg-size:cover;--awb-width-large:100%;--awb-margin-top-large:0px;--awb-spacing-right-large:1.92%;--awb-margin-bottom-large:0px;--awb-spacing-left-large:1.92%;--awb-width-medium:100%;--awb-order-medium:0;--awb-spacing-right-medium:1.92%;--awb-spacing-left-medium:1.92%;--awb-width-small:100%;--awb-order-small:0;--awb-spacing-right-small:1.92%;--awb-spacing-left-small:1.92%;\" data-motion-effects=\"[{&quot;type&quot;:&quot;&quot;,&quot;scroll_type&quot;:&quot;transition&quot;,&quot;scroll_direction&quot;:&quot;up&quot;,&quot;transition_speed&quot;:&quot;1&quot;,&quot;fade_type&quot;:&quot;in&quot;,&quot;scale_type&quot;:&quot;up&quot;,&quot;initial_scale&quot;:&quot;1&quot;,&quot;max_scale&quot;:&quot;1.5&quot;,&quot;min_scale&quot;:&quot;0.5&quot;,&quot;initial_rotate&quot;:&quot;0&quot;,&quot;end_rotate&quot;:&quot;30&quot;,&quot;initial_blur&quot;:&quot;0&quot;,&quot;end_blur&quot;:&quot;3&quot;,&quot;start_element&quot;:&quot;top&quot;,&quot;start_viewport&quot;:&quot;bottom&quot;,&quot;end_element&quot;:&quot;bottom&quot;,&quot;end_viewport&quot;:&quot;top&quot;,&quot;mouse_effect&quot;:&quot;track&quot;,&quot;mouse_effect_direction&quot;:&quot;opposite&quot;,&quot;mouse_effect_speed&quot;:&quot;2&quot;,&quot;infinite_animation&quot;:&quot;float&quot;,&quot;infinite_animation_speed&quot;:&quot;2&quot;}]\" data-scroll-devices=\"small-visibility,medium-visibility,large-visibility\"><div class=\"fusion-column-wrapper fusion-column-has-shadow fusion-flex-justify-content-flex-start fusion-content-layout-column\"><div class=\"fusion-title title fusion-title-2 fusion-sep-none fusion-title-text fusion-title-size-one\" style=\"--awb-font-size:26px;\"><h1 class=\"title-heading-left fusion-responsive-typography-calculated\" style=\"margin:0;font-size:1em;text-transform:none;--fontSize:26;line-height:1.23;\"><h2><strong>Vote de l&rsquo;assembl\u00e9e sp\u00e9ciale des chefs sur la r\u00e9forme \u00e0 long terme &#8211; Pas d&rsquo;impact sur l&rsquo;indemnisation<\/strong><\/h2><\/h1><\/div><div class=\"fusion-text fusion-text-2\"><p>Vous avez peut-\u00eatre entendu parler d&rsquo;une proposition d&rsquo;entente distincte visant \u00e0 r\u00e9former le Programme des services \u00e0 l&rsquo;enfance et \u00e0 la famille des Premi\u00e8res nations, qui a \u00e9t\u00e9 rejet\u00e9e lors d&rsquo;une assembl\u00e9e sp\u00e9ciale des chefs de l&rsquo;Assembl\u00e9e des Premi\u00e8res nations le 17 octobre 2024.<\/p>\n<p>Cette proposition d&rsquo;entente distincte et cette d\u00e9cision <strong>n&rsquo;ont aucune incidence<\/strong> sur l&rsquo;indemnisation offerte dans le cadre du R\u00e8glement relatif aux services \u00e0 l&rsquo;enfance et \u00e0 la famille des Premi\u00e8res nations et au principe de Jordan.<\/p>\n<\/div><div class=\"fusion-separator fusion-full-width-sep\" style=\"align-self: center;margin-left: auto;margin-right: auto;width:100%;\"><\/div><div class=\"fusion-separator fusion-full-width-sep\" style=\"align-self: center;margin-left: auto;margin-right: auto;width:100%;\"><\/div><div class=\"fusion-social-links fusion-social-links-1\" style=\"--awb-margin-top:0px;--awb-margin-right:0px;--awb-margin-bottom:0px;--awb-margin-left:0px;--awb-box-border-top:0px;--awb-box-border-right:0px;--awb-box-border-bottom:0px;--awb-box-border-left:0px;--awb-icon-colors-hover:hsla(var(--awb-color6-h),var(--awb-color6-s),var(--awb-color6-l),calc(var(--awb-color6-a) - 15%));--awb-box-colors-hover:hsla(var(--awb-color2-h),var(--awb-color2-s),var(--awb-color2-l),calc(var(--awb-color2-a) - 12%));--awb-box-border-color:var(--awb-color3);--awb-box-border-color-hover:var(--awb-color4);\"><div class=\"fusion-social-networks color-type-custom\"><div class=\"fusion-social-networks-wrapper\"><\/div><\/div><\/div><\/div><\/div><\/div><\/div><\/p>\n","protected":false},"excerpt":{"rendered":"<p>Le vote de l&rsquo;Assembl\u00e9e sp\u00e9ciale des chefs sur la r\u00e9forme \u00e0 long terme est distinct du r\u00e8glement relatif aux services \u00e0 l&rsquo;enfance et \u00e0 la famille des Premi\u00e8res nations et au principe de Jordan et n&rsquo;aura aucune incidence sur sa compensation.<\/p>\n","protected":false},"author":8,"featured_media":2720,"comment_status":"closed","ping_status":"open","sticky":false,"template":"","format":"standard","meta":{"_acf_changed":false,"inline_featured_image":false,"footnotes":"","_links_to":"","_links_to_target":""},"categories":[80],"tags":[],"class_list":["post-14278","post","type-post","status-publish","format-standard","has-post-thumbnail","hentry","category-mise-a-jour"],"acf":[],"yoast_head":"<!-- This site is optimized with the Yoast SEO plugin v27.2 - https:\/\/yoast.com\/product\/yoast-seo-wordpress\/ -->\n<title>Mise \u00e0 jour de la r\u00e9forme \u00e0 long terme - First Nations Child and Family Services and Jordan\u2019s Principle Settlement<\/title>\n<meta name=\"robots\" content=\"index, follow, max-snippet:-1, max-image-preview:large, max-video-preview:-1\" \/>\n<link rel=\"canonical\" href=\"https:\/\/fnchildclaims.ca\/fr\/mise-a-jour-de-la-reforme-a-long-terme\/\" \/>\n<meta property=\"og:locale\" content=\"fr_FR\" \/>\n<meta property=\"og:type\" content=\"article\" \/>\n<meta property=\"og:title\" content=\"Mise \u00e0 jour de la r\u00e9forme \u00e0 long terme - First Nations Child and Family Services and Jordan\u2019s Principle Settlement\" \/>\n<meta property=\"og:description\" content=\"Le vote de l&#039;Assembl\u00e9e sp\u00e9ciale des chefs sur la r\u00e9forme \u00e0 long terme est distinct du r\u00e8glement relatif aux services \u00e0 l&#039;enfance et \u00e0 la famille des Premi\u00e8res nations et au principe de Jordan et n&#039;aura aucune incidence sur sa compensation.\" \/>\n<meta property=\"og:url\" content=\"https:\/\/fnchildclaims.ca\/fr\/mise-a-jour-de-la-reforme-a-long-terme\/\" \/>\n<meta property=\"og:site_name\" content=\"First Nations Child and Family Services and Jordan\u2019s Principle Settlement\" \/>\n<meta property=\"article:published_time\" content=\"2024-11-12T23:16:12+00:00\" \/>\n<meta property=\"article:modified_time\" content=\"2025-02-11T22:35:51+00:00\" \/>\n<meta property=\"og:image\" content=\"https:\/\/fnchildclaims.ca\/wp-content\/uploads\/2023\/01\/vanessa-bucceri-nKkN_nVB1EY-unsplash-scaled.jpg\" \/>\n\t<meta property=\"og:image:width\" content=\"2560\" \/>\n\t<meta property=\"og:image:height\" content=\"1707\" \/>\n\t<meta property=\"og:image:type\" content=\"image\/jpeg\" \/>\n<meta name=\"author\" content=\"PhilC\" \/>\n<meta name=\"twitter:card\" content=\"summary_large_image\" \/>\n<meta name=\"twitter:label1\" content=\"\u00c9crit par\" \/>\n\t<meta name=\"twitter:data1\" content=\"PhilC\" \/>\n\t<meta name=\"twitter:label2\" content=\"Dur\u00e9e de lecture estim\u00e9e\" \/>\n\t<meta name=\"twitter:data2\" content=\"7 minutes\" \/>\n<script type=\"application\/ld+json\" class=\"yoast-schema-graph\">{\"@context\":\"https:\/\/schema.org\",\"@graph\":[{\"@type\":\"Article\",\"@id\":\"https:\/\/fnchildclaims.ca\/fr\/mise-a-jour-de-la-reforme-a-long-terme\/#article\",\"isPartOf\":{\"@id\":\"https:\/\/fnchildclaims.ca\/fr\/mise-a-jour-de-la-reforme-a-long-terme\/\"},\"author\":{\"name\":\"PhilC\",\"@id\":\"https:\/\/fnchildclaims.ca\/#\/schema\/person\/6ccfb183d9ff326eed76c3975109e326\"},\"headline\":\"Mise \u00e0 jour de la r\u00e9forme \u00e0 long terme\",\"datePublished\":\"2024-11-12T23:16:12+00:00\",\"dateModified\":\"2025-02-11T22:35:51+00:00\",\"mainEntityOfPage\":{\"@id\":\"https:\/\/fnchildclaims.ca\/fr\/mise-a-jour-de-la-reforme-a-long-terme\/\"},\"wordCount\":3768,\"image\":{\"@id\":\"https:\/\/fnchildclaims.ca\/fr\/mise-a-jour-de-la-reforme-a-long-terme\/#primaryimage\"},\"thumbnailUrl\":\"https:\/\/fnchildclaims.ca\/wp-content\/uploads\/2023\/01\/vanessa-bucceri-nKkN_nVB1EY-unsplash-scaled.jpg\",\"articleSection\":[\"Mise \u00e0 jour\"],\"inLanguage\":\"fr-FR\"},{\"@type\":\"WebPage\",\"@id\":\"https:\/\/fnchildclaims.ca\/fr\/mise-a-jour-de-la-reforme-a-long-terme\/\",\"url\":\"https:\/\/fnchildclaims.ca\/fr\/mise-a-jour-de-la-reforme-a-long-terme\/\",\"name\":\"Mise \u00e0 jour de la r\u00e9forme \u00e0 long terme - First Nations Child and Family Services and Jordan\u2019s Principle Settlement\",\"isPartOf\":{\"@id\":\"https:\/\/fnchildclaims.ca\/#website\"},\"primaryImageOfPage\":{\"@id\":\"https:\/\/fnchildclaims.ca\/fr\/mise-a-jour-de-la-reforme-a-long-terme\/#primaryimage\"},\"image\":{\"@id\":\"https:\/\/fnchildclaims.ca\/fr\/mise-a-jour-de-la-reforme-a-long-terme\/#primaryimage\"},\"thumbnailUrl\":\"https:\/\/fnchildclaims.ca\/wp-content\/uploads\/2023\/01\/vanessa-bucceri-nKkN_nVB1EY-unsplash-scaled.jpg\",\"datePublished\":\"2024-11-12T23:16:12+00:00\",\"dateModified\":\"2025-02-11T22:35:51+00:00\",\"author\":{\"@id\":\"https:\/\/fnchildclaims.ca\/#\/schema\/person\/6ccfb183d9ff326eed76c3975109e326\"},\"breadcrumb\":{\"@id\":\"https:\/\/fnchildclaims.ca\/fr\/mise-a-jour-de-la-reforme-a-long-terme\/#breadcrumb\"},\"inLanguage\":\"fr-FR\",\"potentialAction\":[{\"@type\":\"ReadAction\",\"target\":[\"https:\/\/fnchildclaims.ca\/fr\/mise-a-jour-de-la-reforme-a-long-terme\/\"]}]},{\"@type\":\"ImageObject\",\"inLanguage\":\"fr-FR\",\"@id\":\"https:\/\/fnchildclaims.ca\/fr\/mise-a-jour-de-la-reforme-a-long-terme\/#primaryimage\",\"url\":\"https:\/\/fnchildclaims.ca\/wp-content\/uploads\/2023\/01\/vanessa-bucceri-nKkN_nVB1EY-unsplash-scaled.jpg\",\"contentUrl\":\"https:\/\/fnchildclaims.ca\/wp-content\/uploads\/2023\/01\/vanessa-bucceri-nKkN_nVB1EY-unsplash-scaled.jpg\",\"width\":2560,\"height\":1707,\"caption\":\"Indigenous art\"},{\"@type\":\"BreadcrumbList\",\"@id\":\"https:\/\/fnchildclaims.ca\/fr\/mise-a-jour-de-la-reforme-a-long-terme\/#breadcrumb\",\"itemListElement\":[{\"@type\":\"ListItem\",\"position\":1,\"name\":\"Accueil\",\"item\":\"https:\/\/fnchildclaims.ca\/fr\/\"},{\"@type\":\"ListItem\",\"position\":2,\"name\":\"Mise \u00e0 jour de la r\u00e9forme \u00e0 long terme\"}]},{\"@type\":\"WebSite\",\"@id\":\"https:\/\/fnchildclaims.ca\/#website\",\"url\":\"https:\/\/fnchildclaims.ca\/\",\"name\":\"First Nations Child and Family Services and Jordan\u2019s Principle Settlement\",\"description\":\"\",\"potentialAction\":[{\"@type\":\"SearchAction\",\"target\":{\"@type\":\"EntryPoint\",\"urlTemplate\":\"https:\/\/fnchildclaims.ca\/?s={search_term_string}\"},\"query-input\":{\"@type\":\"PropertyValueSpecification\",\"valueRequired\":true,\"valueName\":\"search_term_string\"}}],\"inLanguage\":\"fr-FR\"},{\"@type\":\"Person\",\"@id\":\"https:\/\/fnchildclaims.ca\/#\/schema\/person\/6ccfb183d9ff326eed76c3975109e326\",\"name\":\"PhilC\",\"image\":{\"@type\":\"ImageObject\",\"inLanguage\":\"fr-FR\",\"@id\":\"https:\/\/fnchildclaims.ca\/wp-content\/litespeed\/avatar\/1ef848c39a95ac1a48bf225f578f1504.jpg?ver=1777061824\",\"url\":\"https:\/\/fnchildclaims.ca\/wp-content\/litespeed\/avatar\/1ef848c39a95ac1a48bf225f578f1504.jpg?ver=1777061824\",\"contentUrl\":\"https:\/\/fnchildclaims.ca\/wp-content\/litespeed\/avatar\/1ef848c39a95ac1a48bf225f578f1504.jpg?ver=1777061824\",\"caption\":\"PhilC\"},\"url\":\"https:\/\/fnchildclaims.ca\/fr\/author\/philc\/\"}]}<\/script>\n<!-- \/ Yoast SEO plugin. -->","yoast_head_json":{"title":"Mise \u00e0 jour de la r\u00e9forme \u00e0 long terme - First Nations Child and Family Services and Jordan\u2019s Principle Settlement","robots":{"index":"index","follow":"follow","max-snippet":"max-snippet:-1","max-image-preview":"max-image-preview:large","max-video-preview":"max-video-preview:-1"},"canonical":"https:\/\/fnchildclaims.ca\/fr\/mise-a-jour-de-la-reforme-a-long-terme\/","og_locale":"fr_FR","og_type":"article","og_title":"Mise \u00e0 jour de la r\u00e9forme \u00e0 long terme - First Nations Child and Family Services and Jordan\u2019s Principle Settlement","og_description":"Le vote de l'Assembl\u00e9e sp\u00e9ciale des chefs sur la r\u00e9forme \u00e0 long terme est distinct du r\u00e8glement relatif aux services \u00e0 l'enfance et \u00e0 la famille des Premi\u00e8res nations et au principe de Jordan et n'aura aucune incidence sur sa compensation.","og_url":"https:\/\/fnchildclaims.ca\/fr\/mise-a-jour-de-la-reforme-a-long-terme\/","og_site_name":"First Nations Child and Family Services and Jordan\u2019s Principle Settlement","article_published_time":"2024-11-12T23:16:12+00:00","article_modified_time":"2025-02-11T22:35:51+00:00","og_image":[{"width":2560,"height":1707,"url":"https:\/\/fnchildclaims.ca\/wp-content\/uploads\/2023\/01\/vanessa-bucceri-nKkN_nVB1EY-unsplash-scaled.jpg","type":"image\/jpeg"}],"author":"PhilC","twitter_card":"summary_large_image","twitter_misc":{"\u00c9crit par":"PhilC","Dur\u00e9e de lecture estim\u00e9e":"7 minutes"},"schema":{"@context":"https:\/\/schema.org","@graph":[{"@type":"Article","@id":"https:\/\/fnchildclaims.ca\/fr\/mise-a-jour-de-la-reforme-a-long-terme\/#article","isPartOf":{"@id":"https:\/\/fnchildclaims.ca\/fr\/mise-a-jour-de-la-reforme-a-long-terme\/"},"author":{"name":"PhilC","@id":"https:\/\/fnchildclaims.ca\/#\/schema\/person\/6ccfb183d9ff326eed76c3975109e326"},"headline":"Mise \u00e0 jour de la r\u00e9forme \u00e0 long terme","datePublished":"2024-11-12T23:16:12+00:00","dateModified":"2025-02-11T22:35:51+00:00","mainEntityOfPage":{"@id":"https:\/\/fnchildclaims.ca\/fr\/mise-a-jour-de-la-reforme-a-long-terme\/"},"wordCount":3768,"image":{"@id":"https:\/\/fnchildclaims.ca\/fr\/mise-a-jour-de-la-reforme-a-long-terme\/#primaryimage"},"thumbnailUrl":"https:\/\/fnchildclaims.ca\/wp-content\/uploads\/2023\/01\/vanessa-bucceri-nKkN_nVB1EY-unsplash-scaled.jpg","articleSection":["Mise \u00e0 jour"],"inLanguage":"fr-FR"},{"@type":"WebPage","@id":"https:\/\/fnchildclaims.ca\/fr\/mise-a-jour-de-la-reforme-a-long-terme\/","url":"https:\/\/fnchildclaims.ca\/fr\/mise-a-jour-de-la-reforme-a-long-terme\/","name":"Mise \u00e0 jour de la r\u00e9forme \u00e0 long terme - First Nations Child and Family Services and Jordan\u2019s Principle Settlement","isPartOf":{"@id":"https:\/\/fnchildclaims.ca\/#website"},"primaryImageOfPage":{"@id":"https:\/\/fnchildclaims.ca\/fr\/mise-a-jour-de-la-reforme-a-long-terme\/#primaryimage"},"image":{"@id":"https:\/\/fnchildclaims.ca\/fr\/mise-a-jour-de-la-reforme-a-long-terme\/#primaryimage"},"thumbnailUrl":"https:\/\/fnchildclaims.ca\/wp-content\/uploads\/2023\/01\/vanessa-bucceri-nKkN_nVB1EY-unsplash-scaled.jpg","datePublished":"2024-11-12T23:16:12+00:00","dateModified":"2025-02-11T22:35:51+00:00","author":{"@id":"https:\/\/fnchildclaims.ca\/#\/schema\/person\/6ccfb183d9ff326eed76c3975109e326"},"breadcrumb":{"@id":"https:\/\/fnchildclaims.ca\/fr\/mise-a-jour-de-la-reforme-a-long-terme\/#breadcrumb"},"inLanguage":"fr-FR","potentialAction":[{"@type":"ReadAction","target":["https:\/\/fnchildclaims.ca\/fr\/mise-a-jour-de-la-reforme-a-long-terme\/"]}]},{"@type":"ImageObject","inLanguage":"fr-FR","@id":"https:\/\/fnchildclaims.ca\/fr\/mise-a-jour-de-la-reforme-a-long-terme\/#primaryimage","url":"https:\/\/fnchildclaims.ca\/wp-content\/uploads\/2023\/01\/vanessa-bucceri-nKkN_nVB1EY-unsplash-scaled.jpg","contentUrl":"https:\/\/fnchildclaims.ca\/wp-content\/uploads\/2023\/01\/vanessa-bucceri-nKkN_nVB1EY-unsplash-scaled.jpg","width":2560,"height":1707,"caption":"Indigenous art"},{"@type":"BreadcrumbList","@id":"https:\/\/fnchildclaims.ca\/fr\/mise-a-jour-de-la-reforme-a-long-terme\/#breadcrumb","itemListElement":[{"@type":"ListItem","position":1,"name":"Accueil","item":"https:\/\/fnchildclaims.ca\/fr\/"},{"@type":"ListItem","position":2,"name":"Mise \u00e0 jour de la r\u00e9forme \u00e0 long terme"}]},{"@type":"WebSite","@id":"https:\/\/fnchildclaims.ca\/#website","url":"https:\/\/fnchildclaims.ca\/","name":"First Nations Child and Family Services and Jordan\u2019s Principle Settlement","description":"","potentialAction":[{"@type":"SearchAction","target":{"@type":"EntryPoint","urlTemplate":"https:\/\/fnchildclaims.ca\/?s={search_term_string}"},"query-input":{"@type":"PropertyValueSpecification","valueRequired":true,"valueName":"search_term_string"}}],"inLanguage":"fr-FR"},{"@type":"Person","@id":"https:\/\/fnchildclaims.ca\/#\/schema\/person\/6ccfb183d9ff326eed76c3975109e326","name":"PhilC","image":{"@type":"ImageObject","inLanguage":"fr-FR","@id":"https:\/\/fnchildclaims.ca\/wp-content\/litespeed\/avatar\/1ef848c39a95ac1a48bf225f578f1504.jpg?ver=1777061824","url":"https:\/\/fnchildclaims.ca\/wp-content\/litespeed\/avatar\/1ef848c39a95ac1a48bf225f578f1504.jpg?ver=1777061824","contentUrl":"https:\/\/fnchildclaims.ca\/wp-content\/litespeed\/avatar\/1ef848c39a95ac1a48bf225f578f1504.jpg?ver=1777061824","caption":"PhilC"},"url":"https:\/\/fnchildclaims.ca\/fr\/author\/philc\/"}]}},"_links":{"self":[{"href":"https:\/\/fnchildclaims.ca\/fr\/wp-json\/wp\/v2\/posts\/14278","targetHints":{"allow":["GET"]}}],"collection":[{"href":"https:\/\/fnchildclaims.ca\/fr\/wp-json\/wp\/v2\/posts"}],"about":[{"href":"https:\/\/fnchildclaims.ca\/fr\/wp-json\/wp\/v2\/types\/post"}],"author":[{"embeddable":true,"href":"https:\/\/fnchildclaims.ca\/fr\/wp-json\/wp\/v2\/users\/8"}],"replies":[{"embeddable":true,"href":"https:\/\/fnchildclaims.ca\/fr\/wp-json\/wp\/v2\/comments?post=14278"}],"version-history":[{"count":8,"href":"https:\/\/fnchildclaims.ca\/fr\/wp-json\/wp\/v2\/posts\/14278\/revisions"}],"predecessor-version":[{"id":15149,"href":"https:\/\/fnchildclaims.ca\/fr\/wp-json\/wp\/v2\/posts\/14278\/revisions\/15149"}],"wp:featuredmedia":[{"embeddable":true,"href":"https:\/\/fnchildclaims.ca\/fr\/wp-json\/wp\/v2\/media\/2720"}],"wp:attachment":[{"href":"https:\/\/fnchildclaims.ca\/fr\/wp-json\/wp\/v2\/media?parent=14278"}],"wp:term":[{"taxonomy":"category","embeddable":true,"href":"https:\/\/fnchildclaims.ca\/fr\/wp-json\/wp\/v2\/categories?post=14278"},{"taxonomy":"post_tag","embeddable":true,"href":"https:\/\/fnchildclaims.ca\/fr\/wp-json\/wp\/v2\/tags?post=14278"}],"curies":[{"name":"wp","href":"https:\/\/api.w.org\/{rel}","templated":true}]}}